{"id":92333,"date":"2025-08-01T15:00:40","date_gmt":"2025-08-01T15:00:40","guid":{"rendered":"https:\/\/everestlanguageschool.com\/everest-language-school-erreicht-10-jahres-meilenstein-und-blickt-in-die-zukunft\/"},"modified":"2025-09-17T12:09:35","modified_gmt":"2025-09-17T12:09:35","slug":"everest-language-school-erreicht-10-jahres-meilenstein-und-blickt-in-die-zukunft","status":"publish","type":"post","link":"https:\/\/everestlanguageschool.com\/de\/everest-language-school-erreicht-10-jahres-meilenstein-und-blickt-in-die-zukunft\/","title":{"rendered":"Everest Language School erreicht 10-Jahres-Meilenstein und blickt in die Zukunft"},"content":{"rendered":"\t\t<div data-elementor-type=\"wp-post\" data-elementor-id=\"92333\" class=\"elementor elementor-92333 elementor-91987\" data-elementor-post-type=\"post\">\n\t\t\t\t\t\t<section class=\"elementor-section elementor-top-section elementor-element elementor-element-6ac8f30 elementor-section-boxed elementor-section-height-default elementor-section-height-default\" data-id=\"6ac8f30\" data-element_type=\"section\" data-e-type=\"section\">\n\t\t\t\t\t\t<div class=\"elementor-container elementor-column-gap-default\">\n\t\t\t\t\t<div class=\"elementor-column elementor-col-100 elementor-top-column elementor-element elementor-element-006245c\" data-id=\"006245c\" data-element_type=\"column\" data-e-type=\"column\">\n\t\t\t<div class=\"elementor-widget-wrap elementor-element-populated\">\n\t\t\t\t\t\t<div class=\"elementor-element elementor-element-39ed909 elementor-widget elementor-widget-text-editor\" data-id=\"39ed909\" data-element_type=\"widget\" data-e-type=\"widget\" data-widget_type=\"text-editor.default\">\n\t\t\t\t<div class=\"elementor-widget-container\">\n\t\t\t\t\t\t\t\t\t<p>2025 feiert die Everest Language School ihr 10-j\u00e4hriges Bestehen. Wir \u00f6ffneten unsere T\u00fcren zum ersten Mal im Jahr 2015 und freuen uns sehr, ein unglaublich erfolgreiches Jahrzehnt feiern zu k\u00f6nnen. Everest wurde vor einem Jahrzehnt er\u00f6ffnet und wird von zwei Englischlehrern gef\u00fchrt, Robert McComish und (jetzt Doktor) Anne-Marie Connolly. Everest wurde von Lehrern mit jahrelanger Erfahrung gegr\u00fcndet, die die \u00dcberzeugung teilten, dass Sprache dynamisch unterrichtet werden muss, mit dem Schwerpunkt auf realen Erfahrungen, Eintauchen in die Welt und Integration.     <\/p>\t\t\t\t\t\t\t\t<\/div>\n\t\t\t\t<\/div>\n\t\t\t\t\t<\/div>\n\t\t<\/div>\n\t\t\t\t\t<\/div>\n\t\t<\/section>\n\t\t\t\t<section class=\"elementor-section elementor-top-section elementor-element elementor-element-7a5e3c9 elementor-section-boxed elementor-section-height-default elementor-section-height-default\" data-id=\"7a5e3c9\" data-element_type=\"section\" data-e-type=\"section\">\n\t\t\t\t\t\t<div class=\"elementor-container elementor-column-gap-default\">\n\t\t\t\t\t<div class=\"elementor-column elementor-col-100 elementor-top-column elementor-element elementor-element-78b9852\" data-id=\"78b9852\" data-element_type=\"column\" data-e-type=\"column\">\n\t\t\t<div class=\"elementor-widget-wrap elementor-element-populated\">\n\t\t\t\t\t\t<div class=\"elementor-element elementor-element-7fa1a6e elementor-widget elementor-widget-image\" data-id=\"7fa1a6e\" data-element_type=\"widget\" data-e-type=\"widget\" data-widget_type=\"image.default\">\n\t\t\t\t<div class=\"elementor-widget-container\">\n\t\t\t\t\t\t\t\t\t\t\t\t\t\t\t<img fetchpriority=\"high\" decoding=\"async\" width=\"724\" height=\"1024\" src=\"https:\/\/everestlanguageschool.com\/wp-content\/uploads\/2025\/08\/Untitled-design-724x1024.png\" class=\"attachment-large size-large wp-image-91991\" alt=\"Everest 10th Anniversary\" srcset=\"https:\/\/everestlanguageschool.com\/wp-content\/uploads\/2025\/08\/Untitled-design-724x1024.png 724w, https:\/\/everestlanguageschool.com\/wp-content\/uploads\/2025\/08\/Untitled-design-212x300.png 212w, https:\/\/everestlanguageschool.com\/wp-content\/uploads\/2025\/08\/Untitled-design-768x1086.png 768w, https:\/\/everestlanguageschool.com\/wp-content\/uploads\/2025\/08\/Untitled-design-1086x1536.png 1086w, https:\/\/everestlanguageschool.com\/wp-content\/uploads\/2025\/08\/Untitled-design.png 1414w\" sizes=\"(max-width: 724px) 100vw, 724px\" \/>\t\t\t\t\t\t\t\t\t\t\t\t\t\t\t<\/div>\n\t\t\t\t<\/div>\n\t\t\t\t\t<\/div>\n\t\t<\/div>\n\t\t\t\t\t<\/div>\n\t\t<\/section>\n\t\t\t\t<section class=\"elementor-section elementor-top-section elementor-element elementor-element-606d417 elementor-section-boxed elementor-section-height-default elementor-section-height-default\" data-id=\"606d417\" data-element_type=\"section\" data-e-type=\"section\">\n\t\t\t\t\t\t<div class=\"elementor-container elementor-column-gap-default\">\n\t\t\t\t\t<div class=\"elementor-column elementor-col-100 elementor-top-column elementor-element elementor-element-84442e4\" data-id=\"84442e4\" data-element_type=\"column\" data-e-type=\"column\">\n\t\t\t<div class=\"elementor-widget-wrap elementor-element-populated\">\n\t\t\t\t\t\t<div class=\"elementor-element elementor-element-25cab18 elementor-widget elementor-widget-text-editor\" data-id=\"25cab18\" data-element_type=\"widget\" data-e-type=\"widget\" data-widget_type=\"text-editor.default\">\n\t\t\t\t<div class=\"elementor-widget-container\">\n\t\t\t\t\t\t\t\t\t<p>In den letzten zehn Jahren ist Everest immer st\u00e4rker geworden, was wir unseren gro\u00dfartigen Lehrern, den Studentenbetreuern und dem akademischen Team zu verdanken haben. Everest lebt von seinen Menschen und deshalb ist unsere einladende und famili\u00e4re Atmosph\u00e4re eine unserer gr\u00f6\u00dften St\u00e4rken. Everest ist nicht nur eine Schule, sondern eine Gemeinschaft von Menschen aus der ganzen Welt. Was Everest so besonders macht, ist die Kultur, die wir hier pflegen &#8211; ein Ort, an dem jeder willkommen ist und gefeiert wird.    <\/p><p><span style=\"font-style: inherit; font-weight: inherit;\">Die letzten zehn Jahre waren nicht ohne Herausforderungen. Aufgrund der weltweiten COVID-Pandemie war die Schule gezwungen, ihre T\u00fcren von 2020 bis 2021 zu schlie\u00dfen. Dies war eine schwierige Zeit f\u00fcr die Schule, er\u00f6ffnete uns aber letztlich neue M\u00f6glichkeiten f\u00fcr den Online-Unterricht und half uns, das Netzwerk von Menschen zu erweitern, mit denen wir sowohl in Irland als auch auf der ganzen Welt arbeiten.    <\/span><\/p>\t\t\t\t\t\t\t\t<\/div>\n\t\t\t\t<\/div>\n\t\t\t\t\t<\/div>\n\t\t<\/div>\n\t\t\t\t\t<\/div>\n\t\t<\/section>\n\t\t\t\t<section class=\"elementor-section elementor-top-section elementor-element elementor-element-fe08ba8 elementor-section-boxed elementor-section-height-default elementor-section-height-default\" data-id=\"fe08ba8\" data-element_type=\"section\" data-e-type=\"section\">\n\t\t\t\t\t\t<div class=\"elementor-container elementor-column-gap-default\">\n\t\t\t\t\t<div class=\"elementor-column elementor-col-100 elementor-top-column elementor-element elementor-element-fb4baa1\" data-id=\"fb4baa1\" data-element_type=\"column\" data-e-type=\"column\">\n\t\t\t<div class=\"elementor-widget-wrap elementor-element-populated\">\n\t\t\t\t\t\t<section class=\"elementor-section elementor-inner-section elementor-element elementor-element-b5ee6ec elementor-section-boxed elementor-section-height-default elementor-section-height-default\" data-id=\"b5ee6ec\" data-element_type=\"section\" data-e-type=\"section\">\n\t\t\t\t\t\t<div class=\"elementor-container elementor-column-gap-default\">\n\t\t\t\t\t<div class=\"elementor-column elementor-col-50 elementor-inner-column elementor-element elementor-element-d728529\" data-id=\"d728529\" data-element_type=\"column\" data-e-type=\"column\">\n\t\t\t<div class=\"elementor-widget-wrap elementor-element-populated\">\n\t\t\t\t\t\t<div class=\"elementor-element elementor-element-fbb38c3 elementor-widget elementor-widget-text-editor\" data-id=\"fbb38c3\" data-element_type=\"widget\" data-e-type=\"widget\" data-widget_type=\"text-editor.default\">\n\t\t\t\t<div class=\"elementor-widget-container\">\n\t\t\t\t\t\t\t\t\t<p>Dieses Jahr ist f\u00fcr die Direktoren von Everest, Rob und Anne-Marie, ein besonders bedeutsames Jahr und sie teilten ihre Gedanken \u00fcber das n\u00e4chste Jahrzehnt f\u00fcr die Schule.<\/p><p>&#8222;Der Plan ist nun, sich weiterhin auf Qualit\u00e4t zu konzentrieren. Wir haben mit Everest etwas Einzigartiges aufgebaut, und das wollen wir nicht verlieren. In den n\u00e4chsten 10 Jahren wollen wir nicht wachsen, sondern das, was wir haben, verfeinern und die Qualit\u00e4t in jedem Aspekt des Unternehmens weiterentwickeln.&#8220;<\/p><p>Rob McComish, Schulleiter<\/p>\t\t\t\t\t\t\t\t<\/div>\n\t\t\t\t<\/div>\n\t\t\t\t\t<\/div>\n\t\t<\/div>\n\t\t\t\t<div class=\"elementor-column elementor-col-50 elementor-inner-column elementor-element elementor-element-edcc0d9\" data-id=\"edcc0d9\" data-element_type=\"column\" data-e-type=\"column\">\n\t\t\t<div class=\"elementor-widget-wrap elementor-element-populated\">\n\t\t\t\t\t\t<div class=\"elementor-element elementor-element-ca6eed2 elementor-widget__width-initial elementor-widget elementor-widget-image\" data-id=\"ca6eed2\" data-element_type=\"widget\" data-e-type=\"widget\" data-widget_type=\"image.default\">\n\t\t\t\t<div class=\"elementor-widget-container\">\n\t\t\t\t\t\t\t\t\t\t\t\t\t\t\t<img decoding=\"async\" width=\"1024\" height=\"931\" data-src=\"https:\/\/everestlanguageschool.com\/wp-content\/uploads\/2025\/08\/signal-2025-08-01-143607_005-1024x931.jpg\" class=\"attachment-large size-large wp-image-92021 lazyload\" alt=\"\" data-srcset=\"https:\/\/everestlanguageschool.com\/wp-content\/uploads\/2025\/08\/signal-2025-08-01-143607_005-1024x931.jpg 1024w, https:\/\/everestlanguageschool.com\/wp-content\/uploads\/2025\/08\/signal-2025-08-01-143607_005-300x273.jpg 300w, https:\/\/everestlanguageschool.com\/wp-content\/uploads\/2025\/08\/signal-2025-08-01-143607_005-768x698.jpg 768w, https:\/\/everestlanguageschool.com\/wp-content\/uploads\/2025\/08\/signal-2025-08-01-143607_005.jpg 1200w\" data-sizes=\"(max-width: 1024px) 100vw, 1024px\" src=\"data:image\/gif;base64,R0lGODlhAQABAAAAACH5BAEKAAEALAAAAAABAAEAAAICTAEAOw==\" style=\"--smush-placeholder-width: 1024px; --smush-placeholder-aspect-ratio: 1024\/931;\" \/>\t\t\t\t\t\t\t\t\t\t\t\t\t\t\t<\/div>\n\t\t\t\t<\/div>\n\t\t\t\t\t<\/div>\n\t\t<\/div>\n\t\t\t\t\t<\/div>\n\t\t<\/section>\n\t\t\t\t<div class=\"elementor-element elementor-element-f7a923e elementor-widget elementor-widget-text-editor\" data-id=\"f7a923e\" data-element_type=\"widget\" data-e-type=\"widget\" data-widget_type=\"text-editor.default\">\n\t\t\t\t<div class=\"elementor-widget-container\">\n\t\t\t\t\t\t\t\t\t<p>Es ist eine aufregende Zeit f\u00fcr uns! Wir haben uns in den letzten Jahren darauf konzentriert, unser eigenes akademisches Programm auf der Grundlage der besten verf\u00fcgbaren Forschung zu entwickeln. Jetzt, wo wir das n\u00e4chste Kapitel aufschlagen, haben wir ein unglaubliches akademisches Team, das auf unserem starken Fundament aufbaut und unsere Programme auf das neue TrustEd-Qualit\u00e4tssiegel abstimmt.  <\/p><p>Anne-Marie Connolly, Akademische Direktorin<\/p>\t\t\t\t\t\t\t\t<\/div>\n\t\t\t\t<\/div>\n\t\t\t\t<div class=\"elementor-element elementor-element-91c0e4b elementor-widget elementor-widget-image\" data-id=\"91c0e4b\" data-element_type=\"widget\" data-e-type=\"widget\" data-widget_type=\"image.default\">\n\t\t\t\t<div class=\"elementor-widget-container\">\n\t\t\t\t\t\t\t\t\t\t\t\t<figure class=\"wp-caption\">\n\t\t\t\t\t\t\t\t\t\t<img decoding=\"async\" width=\"1024\" height=\"768\" data-src=\"https:\/\/everestlanguageschool.com\/wp-content\/uploads\/2025\/08\/Monday-11.05.15-1024x768.jpg\" class=\"attachment-large size-large wp-image-92027 lazyload\" alt=\"\" data-srcset=\"https:\/\/everestlanguageschool.com\/wp-content\/uploads\/2025\/08\/Monday-11.05.15-1024x768.jpg 1024w, https:\/\/everestlanguageschool.com\/wp-content\/uploads\/2025\/08\/Monday-11.05.15-300x225.jpg 300w, https:\/\/everestlanguageschool.com\/wp-content\/uploads\/2025\/08\/Monday-11.05.15-768x576.jpg 768w, https:\/\/everestlanguageschool.com\/wp-content\/uploads\/2025\/08\/Monday-11.05.15-1536x1152.jpg 1536w, https:\/\/everestlanguageschool.com\/wp-content\/uploads\/2025\/08\/Monday-11.05.15-2048x1536.jpg 2048w\" data-sizes=\"(max-width: 1024px) 100vw, 1024px\" src=\"data:image\/gif;base64,R0lGODlhAQABAAAAACH5BAEKAAEALAAAAAABAAEAAAICTAEAOw==\" style=\"--smush-placeholder-width: 1024px; --smush-placeholder-aspect-ratio: 1024\/768;\" \/>\t\t\t\t\t\t\t\t\t\t\t<figcaption class=\"widget-image-caption wp-caption-text\">Die erste Gruppe von Everest-Sch\u00fclern im Jahr 2015 ist jetzt, ein Jahrzehnt sp\u00e4ter, auf fast 200 angewachsen.<\/figcaption>\n\t\t\t\t\t\t\t\t\t\t<\/figure>\n\t\t\t\t\t\t\t\t\t<\/div>\n\t\t\t\t<\/div>\n\t\t\t\t<div class=\"elementor-element elementor-element-26bcff3 elementor-widget elementor-widget-text-editor\" data-id=\"26bcff3\" data-element_type=\"widget\" data-e-type=\"widget\" data-widget_type=\"text-editor.default\">\n\t\t\t\t<div class=\"elementor-widget-container\">\n\t\t\t\t\t\t\t\t\t<p>Mit Blick auf die Zukunft werden wir uns auf die Entwicklung der Qualit\u00e4t, die Ausweitung unserer akademischen Forschung, die Verbesserung der Studentenerfahrung sowie den Ausbau unseres Netzwerks von Vertretern und Partnerschaften konzentrieren. Wir werden uns auch auf speziellere Projekte konzentrieren, wie z.B. unser aktuelles Erasmus+ Projekt, das sich auf die Entwicklung eines Lehrplans f\u00fcr Lehrer konzentriert, die gef\u00e4hrdete Sch\u00fcler unterrichten. Wir hoffen auch, unser Angebot an Kursen f\u00fcr die Lehrerausbildung und die berufliche Entwicklung der Mitarbeiter ausbauen zu k\u00f6nnen.  <\/p>\t\t\t\t\t\t\t\t<\/div>\n\t\t\t\t<\/div>\n\t\t\t\t\t<\/div>\n\t\t<\/div>\n\t\t\t\t\t<\/div>\n\t\t<\/section>\n\t\t\t\t<\/div>\n\t\t","protected":false},"excerpt":{"rendered":"<p>2025 feiert die Everest Language School ihr 10-j\u00e4hriges Bestehen. Wir \u00f6ffneten unsere T\u00fcren zum ersten Mal im Jahr 2015 und freuen uns sehr, ein unglaublich erfolgreiches Jahrzehnt feiern zu k\u00f6nnen. Everest wurde vor einem Jahrzehnt er\u00f6ffnet und wird von zwei Englischlehrern gef\u00fchrt, Robert McComish und (jetzt Doktor) Anne-Marie Connolly. Everest wurde von Lehrern mit jahrelanger &hellip;<\/p>\n<p class=\"read-more\"> <a class=\"\" href=\"https:\/\/everestlanguageschool.com\/de\/everest-language-school-erreicht-10-jahres-meilenstein-und-blickt-in-die-zukunft\/\"> <span class=\"screen-reader-text\">Everest Language School erreicht 10-Jahres-Meilenstein und blickt in die Zukunft<\/span> Weiterlesen &raquo;<\/a><\/p>\n","protected":false},"author":10,"featured_media":91991,"comment_status":"closed","ping_status":"closed","sticky":false,"template":"","format":"standard","meta":{"inline_featured_image":false,"site-sidebar-layout":"default","site-content-layout":"default","ast-global-header-display":"","ast-main-header-display":"","ast-hfb-above-header-display":"","ast-hfb-below-header-display":"","ast-hfb-mobile-header-display":"","site-post-title":"","ast-breadcrumbs-content":"","ast-featured-img":"","footer-sml-layout":"","theme-transparent-header-meta":"","adv-header-id-meta":"","stick-header-meta":"","header-above-stick-meta":"","header-main-stick-meta":"","header-below-stick-meta":"","footnotes":""},"categories":[17],"tags":[],"class_list":["post-92333","post","type-post","status-publish","format-standard","has-post-thumbnail","hentry","category-unkategorisiert"],"jetpack_featured_media_url":"https:\/\/everestlanguageschool.com\/wp-content\/uploads\/2025\/08\/Untitled-design-e1754047817986.png","_links":{"self":[{"href":"https:\/\/everestlanguageschool.com\/de\/wp-json\/wp\/v2\/posts\/92333","targetHints":{"allow":["GET"]}}],"collection":[{"href":"https:\/\/everestlanguageschool.com\/de\/wp-json\/wp\/v2\/posts"}],"about":[{"href":"https:\/\/everestlanguageschool.com\/de\/wp-json\/wp\/v2\/types\/post"}],"author":[{"embeddable":true,"href":"https:\/\/everestlanguageschool.com\/de\/wp-json\/wp\/v2\/users\/10"}],"replies":[{"embeddable":true,"href":"https:\/\/everestlanguageschool.com\/de\/wp-json\/wp\/v2\/comments?post=92333"}],"version-history":[{"count":1,"href":"https:\/\/everestlanguageschool.com\/de\/wp-json\/wp\/v2\/posts\/92333\/revisions"}],"predecessor-version":[{"id":92337,"href":"https:\/\/everestlanguageschool.com\/de\/wp-json\/wp\/v2\/posts\/92333\/revisions\/92337"}],"wp:featuredmedia":[{"embeddable":true,"href":"https:\/\/everestlanguageschool.com\/de\/wp-json\/wp\/v2\/media\/91991"}],"wp:attachment":[{"href":"https:\/\/everestlanguageschool.com\/de\/wp-json\/wp\/v2\/media?parent=92333"}],"wp:term":[{"taxonomy":"category","embeddable":true,"href":"https:\/\/everestlanguageschool.com\/de\/wp-json\/wp\/v2\/categories?post=92333"},{"taxonomy":"post_tag","embeddable":true,"href":"https:\/\/everestlanguageschool.com\/de\/wp-json\/wp\/v2\/tags?post=92333"}],"curies":[{"name":"wp","href":"https:\/\/api.w.org\/{rel}","templated":true}]}}