{"id":92325,"date":"2025-08-01T15:00:40","date_gmt":"2025-08-01T15:00:40","guid":{"rendered":"https:\/\/everestlanguageschool.com\/la-escuela-de-idiomas-everest-cumple-10-anos-y-mira-al-futuro\/"},"modified":"2025-09-17T12:09:22","modified_gmt":"2025-09-17T12:09:22","slug":"la-escuela-de-idiomas-everest-cumple-10-anos-y-mira-al-futuro","status":"publish","type":"post","link":"https:\/\/everestlanguageschool.com\/es\/la-escuela-de-idiomas-everest-cumple-10-anos-y-mira-al-futuro\/","title":{"rendered":"La Escuela de Idiomas Everest cumple 10 a\u00f1os y mira al futuro"},"content":{"rendered":"\t\t<div data-elementor-type=\"wp-post\" data-elementor-id=\"92325\" class=\"elementor elementor-92325 elementor-91987\" data-elementor-post-type=\"post\">\n\t\t\t\t\t\t<section class=\"elementor-section elementor-top-section elementor-element elementor-element-6ac8f30 elementor-section-boxed elementor-section-height-default elementor-section-height-default\" data-id=\"6ac8f30\" data-element_type=\"section\" data-e-type=\"section\">\n\t\t\t\t\t\t<div class=\"elementor-container elementor-column-gap-default\">\n\t\t\t\t\t<div class=\"elementor-column elementor-col-100 elementor-top-column elementor-element elementor-element-006245c\" data-id=\"006245c\" data-element_type=\"column\" data-e-type=\"column\">\n\t\t\t<div class=\"elementor-widget-wrap elementor-element-populated\">\n\t\t\t\t\t\t<div class=\"elementor-element elementor-element-39ed909 elementor-widget elementor-widget-text-editor\" data-id=\"39ed909\" data-element_type=\"widget\" data-e-type=\"widget\" data-widget_type=\"text-editor.default\">\n\t\t\t\t<div class=\"elementor-widget-container\">\n\t\t\t\t\t\t\t\t\t<p>En 2025, la Escuela de Idiomas Everest cumple 10 a\u00f1os. Abrimos nuestras puertas por primera vez en 2015 y estamos muy contentos de celebrar una d\u00e9cada incre\u00edblemente exitosa. Everest abri\u00f3 sus puertas hace una d\u00e9cada y es propiedad y est\u00e1 dirigida por dos profesores de ingl\u00e9s, Robert McComish y (ahora doctora) Anne-Marie Connolly. Everest fue creado por profesores con a\u00f1os de experiencia que compart\u00edan la creencia de que la lengua debe ense\u00f1arse de forma din\u00e1mica, centr\u00e1ndose en la experiencia del mundo real, la inmersi\u00f3n y la inclusi\u00f3n.     <\/p>\t\t\t\t\t\t\t\t<\/div>\n\t\t\t\t<\/div>\n\t\t\t\t\t<\/div>\n\t\t<\/div>\n\t\t\t\t\t<\/div>\n\t\t<\/section>\n\t\t\t\t<section class=\"elementor-section elementor-top-section elementor-element elementor-element-7a5e3c9 elementor-section-boxed elementor-section-height-default elementor-section-height-default\" data-id=\"7a5e3c9\" data-element_type=\"section\" data-e-type=\"section\">\n\t\t\t\t\t\t<div class=\"elementor-container elementor-column-gap-default\">\n\t\t\t\t\t<div class=\"elementor-column elementor-col-100 elementor-top-column elementor-element elementor-element-78b9852\" data-id=\"78b9852\" data-element_type=\"column\" data-e-type=\"column\">\n\t\t\t<div class=\"elementor-widget-wrap elementor-element-populated\">\n\t\t\t\t\t\t<div class=\"elementor-element elementor-element-7fa1a6e elementor-widget elementor-widget-image\" data-id=\"7fa1a6e\" data-element_type=\"widget\" data-e-type=\"widget\" data-widget_type=\"image.default\">\n\t\t\t\t<div class=\"elementor-widget-container\">\n\t\t\t\t\t\t\t\t\t\t\t\t\t\t\t<img fetchpriority=\"high\" decoding=\"async\" width=\"724\" height=\"1024\" src=\"https:\/\/everestlanguageschool.com\/wp-content\/uploads\/2025\/08\/Untitled-design-724x1024.png\" class=\"attachment-large size-large wp-image-91994\" alt=\"Everest 10th Anniversary\" srcset=\"https:\/\/everestlanguageschool.com\/wp-content\/uploads\/2025\/08\/Untitled-design-724x1024.png 724w, https:\/\/everestlanguageschool.com\/wp-content\/uploads\/2025\/08\/Untitled-design-212x300.png 212w, https:\/\/everestlanguageschool.com\/wp-content\/uploads\/2025\/08\/Untitled-design-768x1086.png 768w, https:\/\/everestlanguageschool.com\/wp-content\/uploads\/2025\/08\/Untitled-design-1086x1536.png 1086w, https:\/\/everestlanguageschool.com\/wp-content\/uploads\/2025\/08\/Untitled-design.png 1414w\" sizes=\"(max-width: 724px) 100vw, 724px\" \/>\t\t\t\t\t\t\t\t\t\t\t\t\t\t\t<\/div>\n\t\t\t\t<\/div>\n\t\t\t\t\t<\/div>\n\t\t<\/div>\n\t\t\t\t\t<\/div>\n\t\t<\/section>\n\t\t\t\t<section class=\"elementor-section elementor-top-section elementor-element elementor-element-606d417 elementor-section-boxed elementor-section-height-default elementor-section-height-default\" data-id=\"606d417\" data-element_type=\"section\" data-e-type=\"section\">\n\t\t\t\t\t\t<div class=\"elementor-container elementor-column-gap-default\">\n\t\t\t\t\t<div class=\"elementor-column elementor-col-100 elementor-top-column elementor-element elementor-element-84442e4\" data-id=\"84442e4\" data-element_type=\"column\" data-e-type=\"column\">\n\t\t\t<div class=\"elementor-widget-wrap elementor-element-populated\">\n\t\t\t\t\t\t<div class=\"elementor-element elementor-element-25cab18 elementor-widget elementor-widget-text-editor\" data-id=\"25cab18\" data-element_type=\"widget\" data-e-type=\"widget\" data-widget_type=\"text-editor.default\">\n\t\t\t\t<div class=\"elementor-widget-container\">\n\t\t\t\t\t\t\t\t\t<p>En los \u00faltimos diez a\u00f1os, Everest no ha hecho m\u00e1s que crecer, y todo ello ha sido posible gracias a nuestros incre\u00edbles profesores, al personal de apoyo a los alumnos y al equipo acad\u00e9mico. Everest es realmente su gente y por eso citamos nuestro ambiente acogedor y familiar como uno de nuestros mayores puntos fuertes. Everest no es s\u00f3lo una escuela, es una comunidad de personas de todo el mundo, y lo que hace que Everest sea tan especial es realmente la cultura que fomentamos aqu\u00ed, un lugar donde todo el mundo es bienvenido y celebrado.    <\/p><p><span style=\"font-style: inherit; font-weight: inherit;\">Estos \u00faltimos diez a\u00f1os no han estado exentos de desaf\u00edos. Debido a la pandemia mundial de COVID, la escuela se vio obligada a cerrar sus puertas de 2020 a 2021. Fue una \u00e9poca dif\u00edcil para la escuela, pero al final nos brind\u00f3 nuevas oportunidades en relaci\u00f3n con la ense\u00f1anza en l\u00ednea y nos ayud\u00f3 a ampliar la red de personas con las que trabajamos, tanto en Irlanda como en todo el mundo.    <\/span><\/p>\t\t\t\t\t\t\t\t<\/div>\n\t\t\t\t<\/div>\n\t\t\t\t\t<\/div>\n\t\t<\/div>\n\t\t\t\t\t<\/div>\n\t\t<\/section>\n\t\t\t\t<section class=\"elementor-section elementor-top-section elementor-element elementor-element-fe08ba8 elementor-section-boxed elementor-section-height-default elementor-section-height-default\" data-id=\"fe08ba8\" data-element_type=\"section\" data-e-type=\"section\">\n\t\t\t\t\t\t<div class=\"elementor-container elementor-column-gap-default\">\n\t\t\t\t\t<div class=\"elementor-column elementor-col-100 elementor-top-column elementor-element elementor-element-fb4baa1\" data-id=\"fb4baa1\" data-element_type=\"column\" data-e-type=\"column\">\n\t\t\t<div class=\"elementor-widget-wrap elementor-element-populated\">\n\t\t\t\t\t\t<section class=\"elementor-section elementor-inner-section elementor-element elementor-element-b5ee6ec elementor-section-boxed elementor-section-height-default elementor-section-height-default\" data-id=\"b5ee6ec\" data-element_type=\"section\" data-e-type=\"section\">\n\t\t\t\t\t\t<div class=\"elementor-container elementor-column-gap-default\">\n\t\t\t\t\t<div class=\"elementor-column elementor-col-50 elementor-inner-column elementor-element elementor-element-d728529\" data-id=\"d728529\" data-element_type=\"column\" data-e-type=\"column\">\n\t\t\t<div class=\"elementor-widget-wrap elementor-element-populated\">\n\t\t\t\t\t\t<div class=\"elementor-element elementor-element-fbb38c3 elementor-widget elementor-widget-text-editor\" data-id=\"fbb38c3\" data-element_type=\"widget\" data-e-type=\"widget\" data-widget_type=\"text-editor.default\">\n\t\t\t\t<div class=\"elementor-widget-container\">\n\t\t\t\t\t\t\t\t\t<p>Este a\u00f1o es especialmente trascendental para los directores de Everest, Rob y Anne-Marie, y compartieron sus ideas sobre la pr\u00f3xima d\u00e9cada para la escuela.<\/p><p>\u00abEl plan ahora es seguir centr\u00e1ndonos en la calidad. Hemos construido algo \u00fanico en Everest, y no queremos perderlo. En los pr\u00f3ximos 10 a\u00f1os, el plan no es crecer, sino perfeccionar lo que tenemos y desarrollar la calidad en todos los aspectos de la organizaci\u00f3n.\u00bb<\/p><p>Rob McComish, Director de la Escuela<\/p>\t\t\t\t\t\t\t\t<\/div>\n\t\t\t\t<\/div>\n\t\t\t\t\t<\/div>\n\t\t<\/div>\n\t\t\t\t<div class=\"elementor-column elementor-col-50 elementor-inner-column elementor-element elementor-element-edcc0d9\" data-id=\"edcc0d9\" data-element_type=\"column\" data-e-type=\"column\">\n\t\t\t<div class=\"elementor-widget-wrap elementor-element-populated\">\n\t\t\t\t\t\t<div class=\"elementor-element elementor-element-ca6eed2 elementor-widget__width-initial elementor-widget elementor-widget-image\" data-id=\"ca6eed2\" data-element_type=\"widget\" data-e-type=\"widget\" data-widget_type=\"image.default\">\n\t\t\t\t<div class=\"elementor-widget-container\">\n\t\t\t\t\t\t\t\t\t\t\t\t\t\t\t<img decoding=\"async\" width=\"1024\" height=\"931\" data-src=\"https:\/\/everestlanguageschool.com\/wp-content\/uploads\/2025\/08\/signal-2025-08-01-143607_005-1024x931.jpg\" class=\"attachment-large size-large wp-image-92024 lazyload\" alt=\"\" data-srcset=\"https:\/\/everestlanguageschool.com\/wp-content\/uploads\/2025\/08\/signal-2025-08-01-143607_005-1024x931.jpg 1024w, https:\/\/everestlanguageschool.com\/wp-content\/uploads\/2025\/08\/signal-2025-08-01-143607_005-300x273.jpg 300w, https:\/\/everestlanguageschool.com\/wp-content\/uploads\/2025\/08\/signal-2025-08-01-143607_005-768x698.jpg 768w, https:\/\/everestlanguageschool.com\/wp-content\/uploads\/2025\/08\/signal-2025-08-01-143607_005.jpg 1200w\" data-sizes=\"(max-width: 1024px) 100vw, 1024px\" src=\"data:image\/gif;base64,R0lGODlhAQABAAAAACH5BAEKAAEALAAAAAABAAEAAAICTAEAOw==\" style=\"--smush-placeholder-width: 1024px; --smush-placeholder-aspect-ratio: 1024\/931;\" \/>\t\t\t\t\t\t\t\t\t\t\t\t\t\t\t<\/div>\n\t\t\t\t<\/div>\n\t\t\t\t\t<\/div>\n\t\t<\/div>\n\t\t\t\t\t<\/div>\n\t\t<\/section>\n\t\t\t\t<div class=\"elementor-element elementor-element-f7a923e elementor-widget elementor-widget-text-editor\" data-id=\"f7a923e\" data-element_type=\"widget\" data-e-type=\"widget\" data-widget_type=\"text-editor.default\">\n\t\t\t\t<div class=\"elementor-widget-container\">\n\t\t\t\t\t\t\t\t\t<p>\u00a1Es un momento emocionante para nosotros! Durante los \u00faltimos a\u00f1os nos hemos centrado en desarrollar nuestro propio programa acad\u00e9mico bas\u00e1ndonos en la mejor investigaci\u00f3n disponible. Ahora, al adentrarnos en este nuevo cap\u00edtulo, contamos con un incre\u00edble equipo acad\u00e9mico para construir sobre nuestros s\u00f3lidos cimientos y alinear nuestros programas con el nuevo sello de calidad TrustEd.  <\/p><p>Anne-Marie Connolly, Directora Acad\u00e9mica<\/p>\t\t\t\t\t\t\t\t<\/div>\n\t\t\t\t<\/div>\n\t\t\t\t<div class=\"elementor-element elementor-element-91c0e4b elementor-widget elementor-widget-image\" data-id=\"91c0e4b\" data-element_type=\"widget\" data-e-type=\"widget\" data-widget_type=\"image.default\">\n\t\t\t\t<div class=\"elementor-widget-container\">\n\t\t\t\t\t\t\t\t\t\t\t\t<figure class=\"wp-caption\">\n\t\t\t\t\t\t\t\t\t\t<img decoding=\"async\" width=\"1024\" height=\"768\" data-src=\"https:\/\/everestlanguageschool.com\/wp-content\/uploads\/2025\/08\/Monday-11.05.15-1024x768.jpg\" class=\"attachment-large size-large wp-image-92030 lazyload\" alt=\"\" data-srcset=\"https:\/\/everestlanguageschool.com\/wp-content\/uploads\/2025\/08\/Monday-11.05.15-1024x768.jpg 1024w, https:\/\/everestlanguageschool.com\/wp-content\/uploads\/2025\/08\/Monday-11.05.15-300x225.jpg 300w, https:\/\/everestlanguageschool.com\/wp-content\/uploads\/2025\/08\/Monday-11.05.15-768x576.jpg 768w, https:\/\/everestlanguageschool.com\/wp-content\/uploads\/2025\/08\/Monday-11.05.15-1536x1152.jpg 1536w, https:\/\/everestlanguageschool.com\/wp-content\/uploads\/2025\/08\/Monday-11.05.15-2048x1536.jpg 2048w\" data-sizes=\"(max-width: 1024px) 100vw, 1024px\" src=\"data:image\/gif;base64,R0lGODlhAQABAAAAACH5BAEKAAEALAAAAAABAAEAAAICTAEAOw==\" style=\"--smush-placeholder-width: 1024px; --smush-placeholder-aspect-ratio: 1024\/768;\" \/>\t\t\t\t\t\t\t\t\t\t\t<figcaption class=\"widget-image-caption wp-caption-text\">El primer grupo de estudiantes de Everest en 2015 ha crecido hasta casi 200 una d\u00e9cada despu\u00e9s.<\/figcaption>\n\t\t\t\t\t\t\t\t\t\t<\/figure>\n\t\t\t\t\t\t\t\t\t<\/div>\n\t\t\t\t<\/div>\n\t\t\t\t<div class=\"elementor-element elementor-element-26bcff3 elementor-widget elementor-widget-text-editor\" data-id=\"26bcff3\" data-element_type=\"widget\" data-e-type=\"widget\" data-widget_type=\"text-editor.default\">\n\t\t\t\t<div class=\"elementor-widget-container\">\n\t\t\t\t\t\t\t\t\t<p>De cara al futuro, nos centraremos en desarrollar la calidad, ampliar nuestra investigaci\u00f3n acad\u00e9mica, mejorar la experiencia de los estudiantes y desarrollar nuestra red de agentes y asociaciones. Tambi\u00e9n nos centraremos en proyectos m\u00e1s especializados, como nuestro actual proyecto Erasmus+ centrado en el desarrollo de un plan de estudios para profesores que imparten clases a alumnos vulnerables. Tambi\u00e9n esperamos ampliar nuestro conjunto de cursos de formaci\u00f3n de profesores y desarrollo profesional del personal.  <\/p>\t\t\t\t\t\t\t\t<\/div>\n\t\t\t\t<\/div>\n\t\t\t\t\t<\/div>\n\t\t<\/div>\n\t\t\t\t\t<\/div>\n\t\t<\/section>\n\t\t\t\t<\/div>\n\t\t","protected":false},"excerpt":{"rendered":"<p>En 2025, la Escuela de Idiomas Everest cumple 10 a\u00f1os. Abrimos nuestras puertas por primera vez en 2015 y estamos muy contentos de celebrar una d\u00e9cada incre\u00edblemente exitosa. Everest abri\u00f3 sus puertas hace una d\u00e9cada y es propiedad y est\u00e1 dirigida por dos profesores de ingl\u00e9s, Robert McComish y (ahora doctora) Anne-Marie Connolly. Everest fue &hellip;<\/p>\n<p class=\"read-more\"> <a class=\"\" href=\"https:\/\/everestlanguageschool.com\/es\/la-escuela-de-idiomas-everest-cumple-10-anos-y-mira-al-futuro\/\"> <span class=\"screen-reader-text\">La Escuela de Idiomas Everest cumple 10 a\u00f1os y mira al futuro<\/span> Leer m\u00e1s &raquo;<\/a><\/p>\n","protected":false},"author":10,"featured_media":91994,"comment_status":"closed","ping_status":"closed","sticky":false,"template":"","format":"standard","meta":{"inline_featured_image":false,"site-sidebar-layout":"default","site-content-layout":"default","ast-global-header-display":"","ast-main-header-display":"","ast-hfb-above-header-display":"","ast-hfb-below-header-display":"","ast-hfb-mobile-header-display":"","site-post-title":"","ast-breadcrumbs-content":"","ast-featured-img":"","footer-sml-layout":"","theme-transparent-header-meta":"","adv-header-id-meta":"","stick-header-meta":"","header-above-stick-meta":"","header-main-stick-meta":"","header-below-stick-meta":"","footnotes":""},"categories":[19],"tags":[],"class_list":["post-92325","post","type-post","status-publish","format-standard","has-post-thumbnail","hentry","category-sin-categorizar"],"jetpack_featured_media_url":"https:\/\/everestlanguageschool.com\/wp-content\/uploads\/2025\/08\/Untitled-design-e1754047817986.png","_links":{"self":[{"href":"https:\/\/everestlanguageschool.com\/es\/wp-json\/wp\/v2\/posts\/92325","targetHints":{"allow":["GET"]}}],"collection":[{"href":"https:\/\/everestlanguageschool.com\/es\/wp-json\/wp\/v2\/posts"}],"about":[{"href":"https:\/\/everestlanguageschool.com\/es\/wp-json\/wp\/v2\/types\/post"}],"author":[{"embeddable":true,"href":"https:\/\/everestlanguageschool.com\/es\/wp-json\/wp\/v2\/users\/10"}],"replies":[{"embeddable":true,"href":"https:\/\/everestlanguageschool.com\/es\/wp-json\/wp\/v2\/comments?post=92325"}],"version-history":[{"count":1,"href":"https:\/\/everestlanguageschool.com\/es\/wp-json\/wp\/v2\/posts\/92325\/revisions"}],"predecessor-version":[{"id":92328,"href":"https:\/\/everestlanguageschool.com\/es\/wp-json\/wp\/v2\/posts\/92325\/revisions\/92328"}],"wp:featuredmedia":[{"embeddable":true,"href":"https:\/\/everestlanguageschool.com\/es\/wp-json\/wp\/v2\/media\/91994"}],"wp:attachment":[{"href":"https:\/\/everestlanguageschool.com\/es\/wp-json\/wp\/v2\/media?parent=92325"}],"wp:term":[{"taxonomy":"category","embeddable":true,"href":"https:\/\/everestlanguageschool.com\/es\/wp-json\/wp\/v2\/categories?post=92325"},{"taxonomy":"post_tag","embeddable":true,"href":"https:\/\/everestlanguageschool.com\/es\/wp-json\/wp\/v2\/tags?post=92325"}],"curies":[{"name":"wp","href":"https:\/\/api.w.org\/{rel}","templated":true}]}}