{"id":92421,"date":"2019-05-02T08:31:45","date_gmt":"2019-05-02T08:31:45","guid":{"rendered":"https:\/\/everestlanguageschool.com\/adjetivos-graduables-e-inclasificables-y-vocabulario-musical-podcast-episodio-3\/"},"modified":"2019-05-02T08:31:45","modified_gmt":"2019-05-02T08:31:45","slug":"adjetivos-graduables-e-inclasificables-y-vocabulario-musical-podcast-episodio-3","status":"publish","type":"post","link":"https:\/\/everestlanguageschool.com\/es\/adjetivos-graduables-e-inclasificables-y-vocabulario-musical-podcast-episodio-3\/","title":{"rendered":"Adjetivos graduables e inclasificables y vocabulario musical &#8211; Podcast Episodio 3"},"content":{"rendered":"<p><img fetchpriority=\"high\" decoding=\"async\" class=\"aligncenter size-full wp-image-55193\" src=\"https:\/\/everestlanguageschool.com\/wp-content\/uploads\/2019\/05\/1909467_47866813774_6156_n.jpg\" alt=\"Adjetivos calificables y no calificables en m\u00fasica\" width=\"604\" height=\"453\" srcset=\"https:\/\/everestlanguageschool.com\/wp-content\/uploads\/2019\/05\/1909467_47866813774_6156_n.jpg 604w, https:\/\/everestlanguageschool.com\/wp-content\/uploads\/2019\/05\/1909467_47866813774_6156_n-300x225.jpg 300w\" sizes=\"(max-width: 604px) 100vw, 604px\" \/><br \/>\n<iframe data-src=\"https:\/\/embed.radiopublic.com\/e?if=learn-english-with-everest-GqwRy5&amp;ge=s1!c365c3c23ee1e0a99e022c05dd79ecdb08cdc792\" width=\"100%\" height=\"185\" frameborder=\"0\" scrolling=\"no\" sandbox=\"allow-same-origin allow-scripts allow-top-navigation allow-popups\" src=\"data:image\/gif;base64,R0lGODlhAQABAAAAACH5BAEKAAEALAAAAAABAAEAAAICTAEAOw==\" class=\"lazyload\" data-load-mode=\"1\"><\/iframe><\/p>\n<h2>Adjetivos graduables e inclasificables<\/h2>\n<h2>Episodio 3: Adjetivos y vocabulario musical<\/h2>\n<p><span style=\"font-weight: 400;\">Esta semana en <\/span><i><span style=\"font-weight: 400;\">Aprende ingl\u00e9s con Everest<\/span><\/i><span style=\"font-weight: 400;\">  Habl\u00e9 con Rob sobre m\u00fasica irlandesa, ir a conciertos en directo, festivales de m\u00fasica y muchas cosas m\u00e1s. En este episodio aprender\u00e1s mucho vocabulario para hablar de m\u00fasica. <\/span> <span style=\"font-weight: 400;\">El punto gramatical est\u00e1 relacionado con los adjetivos, concretamente con los adjetivos graduables y no graduables. \u00bfPor qu\u00e9 decimos \u00abmuy grande\u00bb, pero no \u00abmuy enorme\u00bb? \u00abAbsolutamente asombroso\u00bb, pero no \u00abmuy asombroso\u00bb. Esc\u00fachalo y desc\u00fabrelo.   <\/span><\/p>\n<p>&nbsp;<\/p>\n<h5><span style=\"font-weight: 400;\">Esta semana se han mencionado muchos m\u00fasicos:<\/span><\/h5>\n<p><span style=\"font-weight: 400;\">Rob fue a un concierto de <\/span><a href=\"http:\/\/www.andersonpaak.com\/\"><span style=\"font-weight: 400;\">Anderson Paak<\/span><\/a><span style=\"font-weight: 400;\"> en el Olympia. <\/span> <\/p>\n<p><span style=\"font-weight: 400;\">Actualmente escucha <\/span><a href=\"https:\/\/www.mavericksabre.com\/\"><span style=\"font-weight: 400;\">Sable Maverick<\/span><\/a><span style=\"font-weight: 400;\"> y <\/span><a href=\"http:\/\/fontainesband.com\/\"><span style=\"font-weight: 400;\">Fontaines DC<\/span><\/a><\/p>\n<p><span style=\"font-weight: 400;\">Recomiendo <\/span><a href=\"https:\/\/www.improvisedmusic.ie\/artists\/details\/redivider\"><span style=\"font-weight: 400;\">ReDiviDeR<\/span><\/a><\/p>\n<p><span style=\"font-weight: 400;\">Anna Mieke<\/span><span style=\"font-weight: 400;\"> y <\/span><a href=\"https:\/\/www.lemoncelloireland.com\/\"><span style=\"font-weight: 400;\">Laura Quirke (Lemoncello)<\/span><\/a><span style=\"font-weight: 400;\">  son dos grandes m\u00fasicos que se inspiran en la m\u00fasica tradicional irlandesa. \u00a1Y tambi\u00e9n son profesores en la escuela Everest! Rob tambi\u00e9n mencion\u00f3    <\/span><a href=\"https:\/\/en.wikipedia.org\/wiki\/Planxty\"><span style=\"font-weight: 400;\">Planxty<\/span><\/a><span style=\"font-weight: 400;\"> como grupo tradicional irland\u00e9s.<\/span><\/p>\n<p><span style=\"font-weight: 400;\">Rob toca con otro gran m\u00fasico irland\u00e9s, <\/span><span style=\"font-weight: 400;\">Robert John Ardiff<\/span><\/p>\n<p><span style=\"font-weight: 400;\">Y Rob recomend\u00f3 <\/span><a href=\"http:\/\/www.whelanslive.com\/\"><span style=\"font-weight: 400;\">Whelan&#8217;s<\/span><\/a><span style=\"font-weight: 400;\"> o el <\/span><a href=\"https:\/\/bellobardublin.com\/\"><span style=\"font-weight: 400;\">Bar Bello<\/span><\/a><span style=\"font-weight: 400;\"> para algunos buenos conciertos<\/span><\/p>\n<p>&nbsp;<\/p>\n<p><span style=\"font-weight: 400;\">La m\u00fasica del podcast corri\u00f3 a cargo de otro gran acto irland\u00e9s, <\/span><span style=\"font-weight: 400;\">Nouveaunoise<\/span><\/p>\n<p>&nbsp;<\/p>\n<h4><b>Gram\u00e1tica: <span style=\"font-weight: 400;\">Adjetivos graduables y no graduables<\/span><\/b><\/h4>\n<p><span style=\"font-weight: 400;\">Hay dos tipos de adjetivos: graduables \/ no graduables<\/span><\/p>\n<p>&nbsp;<\/p>\n<h4><span style=\"font-weight: 400;\">Gradable  <\/span><\/h4>\n<p><span style=\"font-weight: 400;\">Piensa en la temperatura: fr\u00edo \/ calor<\/span><\/p>\n<p><span style=\"font-weight: 400;\">La temperatura puede ser: un poco caliente, bastante caliente, muy caliente (y luego \u00abhirviendo\u00bb en la parte superior de la escala)<\/span><\/p>\n<p><span style=\"font-weight: 400;\">Un poco fr\u00edo, bastante fr\u00edo, mucho fr\u00edo (y luego \u00abcongelaci\u00f3n\u00bb en la parte inferior de la escala)<\/span><\/p>\n<p><span style=\"font-weight: 400;\">Los adjetivos graduables se pueden calificar, pueden subir y bajar en la escala<\/span><\/p>\n<p><span style=\"font-weight: 400;\">Se pueden <\/span><i><span style=\"font-weight: 400;\">calificados <\/span><\/i><span style=\"font-weight: 400;\">con adverbios calificativos, como <\/span> <\/p>\n<p><span style=\"font-weight: 400;\">un poco \/ ligeramente \/ bastante \/ mucho \/ realmente  <\/span><\/p>\n<p><span style=\"font-weight: 400;\">As\u00ed que podemos tener un poco caliente, muy agradable, muy grande<\/span><\/p>\n<h4><span style=\"font-weight: 400;\">Adjetivos no graduables  <\/span><\/h4>\n<p><span style=\"font-weight: 400;\">En la parte superior, o inferior, tienes un adjetivo no graduable:<\/span><\/p>\n<p><span style=\"font-weight: 400;\">Grande -&gt;Enorme<\/span><\/p>\n<p><span style=\"font-weight: 400;\">Bueno -&gt; Asombroso, maravilloso<\/span><\/p>\n<p><span style=\"font-weight: 400;\">Malo -&gt; Terrible<\/span><\/p>\n<p><span style=\"font-weight: 400;\">Estas palabras no se pueden calificar: <\/span><del><span style=\"font-weight: 400;\">un poco enorme; muy sorprendente <\/span><\/del> <\/p>\n<p><span style=\"font-weight: 400;\">Los adjetivos no graduables tambi\u00e9n suelen ser absolutos: muerto, embarazada, vivo<\/span><\/p>\n<p><del><span style=\"font-weight: 400;\">\u00c9l est\u00e1 un poco muerto; ella est\u00e1 muy viva; ella est\u00e1 ligeramente embarazada<\/span><\/del><\/p>\n<p><span style=\"font-weight: 400;\"><img decoding=\"async\" class=\"aligncenter size-full wp-image-55475 lazyload\" data-src=\"https:\/\/everestlanguageschool.com\/wp-content\/uploads\/2019\/05\/He-is-completely-dead-2.png\" alt=\"Adjetivos graduables e inclasificables\" width=\"940\" height=\"788\" data-srcset=\"https:\/\/everestlanguageschool.com\/wp-content\/uploads\/2019\/05\/He-is-completely-dead-2.png 940w, https:\/\/everestlanguageschool.com\/wp-content\/uploads\/2019\/05\/He-is-completely-dead-2-300x251.png 300w, https:\/\/everestlanguageschool.com\/wp-content\/uploads\/2019\/05\/He-is-completely-dead-2-768x644.png 768w\" data-sizes=\"(max-width: 940px) 100vw, 940px\" src=\"data:image\/gif;base64,R0lGODlhAQABAAAAACH5BAEKAAEALAAAAAABAAEAAAICTAEAOw==\" style=\"--smush-placeholder-width: 940px; --smush-placeholder-aspect-ratio: 940\/788;\" \/>No se pueden calificar.<\/span><\/p>\n<p><span style=\"font-weight: 400;\">En <\/span><i><span style=\"font-weight: 400;\">pueden <\/span><\/i><span style=\"font-weight: 400;\">utilizarse con adverbios no calificativos (acentuadores) para darles \u00e9nfasis (palabras como absolutamente \/ totalmente \/ completamente) <\/span> <\/p>\n<p><span style=\"font-weight: 400;\">Pero no los mueven arriba\/abajo en la escala<\/span><\/p>\n<p><span style=\"font-weight: 400;\">Entonces, que algo sea bastante bueno o muy bueno es muy diferente. Bastante bueno es 5 sobre 10, muy bueno es 8 sobre 10 <\/span><\/p>\n<p><span style=\"font-weight: 400;\">Pero si dices que algo fue asombroso o absolutamente asombroso, es m\u00e1s o menos lo mismo. Asombroso es 10 sobre 10, absolutamente asombroso es 10 sobre 10, pero quieres decir realmente al oyente que fue definitivamente 10 sobre 10. <\/span><\/p>\n<p>&nbsp;<\/p>\n<h4>Algunos <strong><em>totalmente asombrosa<\/em><\/strong> m\u00fasica de algunos de nuestros profesores en Everest:<\/h4>\n<div class=\"ast-oembed-container\" style=\"height: 100%;\"><iframe title=\"Anna Mieke - Creature\" width=\"500\" height=\"281\" data-src=\"https:\/\/www.youtube.com\/embed\/NDwXB6ZVTOY?feature=oembed\" frameborder=\"0\" allow=\"accelerometer; autoplay; clipboard-write; encrypted-media; gyroscope; picture-in-picture; web-share\" referrerpolicy=\"strict-origin-when-cross-origin\" allowfullscreen src=\"data:image\/gif;base64,R0lGODlhAQABAAAAACH5BAEKAAEALAAAAAABAAEAAAICTAEAOw==\" class=\"lazyload\" data-load-mode=\"1\"><\/iframe><\/div>\n<div class=\"ast-oembed-container\" style=\"height: 100%;\"><iframe title=\"Lemoncello :: Morning\" width=\"500\" height=\"281\" data-src=\"https:\/\/www.youtube.com\/embed\/dfl-VDBCYTM?feature=oembed\" frameborder=\"0\" allow=\"accelerometer; autoplay; clipboard-write; encrypted-media; gyroscope; picture-in-picture; web-share\" referrerpolicy=\"strict-origin-when-cross-origin\" allowfullscreen src=\"data:image\/gif;base64,R0lGODlhAQABAAAAACH5BAEKAAEALAAAAAABAAEAAAICTAEAOw==\" class=\"lazyload\" data-load-mode=\"1\"><\/iframe><\/div>\n<p>Puedes escuchar los dem\u00e1s <a href=\"https:\/\/everestlanguageschool.com\/es\/podcast\/\">podcasts de Aprende ingl\u00e9s con Everest<\/a> aqu\u00ed<\/p>\n","protected":false},"excerpt":{"rendered":"<p>Adjetivos graduables e inclasificables Episodio 3: Adjetivos y vocabulario musical Esta semana en Aprende ingl\u00e9s con Everest Habl\u00e9 con Rob sobre m\u00fasica irlandesa, ir a conciertos en directo, festivales de m\u00fasica y muchas cosas m\u00e1s. En este episodio aprender\u00e1s mucho vocabulario para hablar de m\u00fasica. El punto gramatical est\u00e1 relacionado con los adjetivos, concretamente con &hellip;<\/p>\n<p class=\"read-more\"> <a class=\"\" href=\"https:\/\/everestlanguageschool.com\/es\/adjetivos-graduables-e-inclasificables-y-vocabulario-musical-podcast-episodio-3\/\"> <span class=\"screen-reader-text\">Adjetivos graduables e inclasificables y vocabulario musical &#8211; Podcast Episodio 3<\/span> Leer m\u00e1s &raquo;<\/a><\/p>\n","protected":false},"author":1,"featured_media":86025,"comment_status":"closed","ping_status":"open","sticky":false,"template":"","format":"standard","meta":{"inline_featured_image":false,"site-sidebar-layout":"default","site-content-layout":"default","ast-global-header-display":"","ast-main-header-display":"","ast-hfb-above-header-display":"","ast-hfb-below-header-display":"","ast-hfb-mobile-header-display":"","site-post-title":"","ast-breadcrumbs-content":"","ast-featured-img":"","footer-sml-layout":"","theme-transparent-header-meta":"","adv-header-id-meta":"","stick-header-meta":"","header-above-stick-meta":"","header-main-stick-meta":"","header-below-stick-meta":"","footnotes":""},"categories":[1560],"tags":[1562,1563],"class_list":["post-92421","post","type-post","status-publish","format-standard","has-post-thumbnail","hentry","category-podcast-aprende-ingles-con-everest","tag-podcast-es","tag-podcasts-es"],"jetpack_featured_media_url":"https:\/\/everestlanguageschool.com\/wp-content\/uploads\/2019\/05\/1909467_47866813774_6156_n.jpg","_links":{"self":[{"href":"https:\/\/everestlanguageschool.com\/es\/wp-json\/wp\/v2\/posts\/92421","targetHints":{"allow":["GET"]}}],"collection":[{"href":"https:\/\/everestlanguageschool.com\/es\/wp-json\/wp\/v2\/posts"}],"about":[{"href":"https:\/\/everestlanguageschool.com\/es\/wp-json\/wp\/v2\/types\/post"}],"author":[{"embeddable":true,"href":"https:\/\/everestlanguageschool.com\/es\/wp-json\/wp\/v2\/users\/1"}],"replies":[{"embeddable":true,"href":"https:\/\/everestlanguageschool.com\/es\/wp-json\/wp\/v2\/comments?post=92421"}],"version-history":[{"count":0,"href":"https:\/\/everestlanguageschool.com\/es\/wp-json\/wp\/v2\/posts\/92421\/revisions"}],"wp:featuredmedia":[{"embeddable":true,"href":"https:\/\/everestlanguageschool.com\/es\/wp-json\/wp\/v2\/media\/86025"}],"wp:attachment":[{"href":"https:\/\/everestlanguageschool.com\/es\/wp-json\/wp\/v2\/media?parent=92421"}],"wp:term":[{"taxonomy":"category","embeddable":true,"href":"https:\/\/everestlanguageschool.com\/es\/wp-json\/wp\/v2\/categories?post=92421"},{"taxonomy":"post_tag","embeddable":true,"href":"https:\/\/everestlanguageschool.com\/es\/wp-json\/wp\/v2\/tags?post=92421"}],"curies":[{"name":"wp","href":"https:\/\/api.w.org\/{rel}","templated":true}]}}