{"id":93245,"date":"2021-03-19T12:55:35","date_gmt":"2021-03-19T12:55:35","guid":{"rendered":"https:\/\/everestlanguageschool.com\/podcast-sobre-el-cambio-climatico\/"},"modified":"2021-03-19T12:55:35","modified_gmt":"2021-03-19T12:55:35","slug":"podcast-sobre-el-cambio-climatico","status":"publish","type":"post","link":"https:\/\/everestlanguageschool.com\/es\/podcast-sobre-el-cambio-climatico\/","title":{"rendered":"Podcast sobre el cambio clim\u00e1tico"},"content":{"rendered":"<h1>Podcast sobre el cambio clim\u00e1tico para aprender ingl\u00e9s<\/h1>\n<p><img fetchpriority=\"high\" decoding=\"async\" class=\"alignnone wp-image-79725 size-full\" src=\"https:\/\/everestlanguageschool.com\/wp-content\/uploads\/2021\/03\/Screenshot-2021-03-19-at-11.58.57.png\" alt=\"Vocabulario en ingl\u00e9s sobre el cambio clim\u00e1tico\" width=\"1196\" height=\"1190\" srcset=\"https:\/\/everestlanguageschool.com\/wp-content\/uploads\/2021\/03\/Screenshot-2021-03-19-at-11.58.57.png 1196w, https:\/\/everestlanguageschool.com\/wp-content\/uploads\/2021\/03\/Screenshot-2021-03-19-at-11.58.57-300x298.png 300w, https:\/\/everestlanguageschool.com\/wp-content\/uploads\/2021\/03\/Screenshot-2021-03-19-at-11.58.57-1024x1019.png 1024w, https:\/\/everestlanguageschool.com\/wp-content\/uploads\/2021\/03\/Screenshot-2021-03-19-at-11.58.57-150x150.png 150w, https:\/\/everestlanguageschool.com\/wp-content\/uploads\/2021\/03\/Screenshot-2021-03-19-at-11.58.57-768x764.png 768w, https:\/\/everestlanguageschool.com\/wp-content\/uploads\/2021\/03\/Screenshot-2021-03-19-at-11.58.57-160x160.png 160w\" sizes=\"(max-width: 1196px) 100vw, 1196px\" \/><\/p>\n<p><span style=\"font-weight: 400;\">Bienvenidos al \u00faltimo episodio de nuestra actual <a href=\"https:\/\/everestlanguageschool.com\/es\/podcast\/\">serie de podcasts.<\/a> Esperamos que hayas disfrutado con las historias que hemos contado y estamos encantados de dedicar nuestra \u00faltima entrega al tema del cambio clim\u00e1tico. Escucharemos la historia personal de un irland\u00e9s que est\u00e1 marcando una verdadera diferencia, escucharemos diez consejos para marcar la diferencia en tu propia vida y oiremos hablar de la adolescente Greta Thunberg y de las protestas que inspir\u00f3 en todo el mundo. <\/span><\/p>\n<p><span style=\"font-weight: 400;\">Como siempre <\/span><span style=\"font-weight: 400;\">encontrar\u00e1s los guiones de cada parte de este episodio aqu\u00ed y no olvides consultar el Vocabulario en ingl\u00e9s sobre el cambio clim\u00e1tico al final para encontrar palabras y frases que quiz\u00e1 no hayas encontrado antes.<\/span><\/p>\n<p><iframe style=\"background-color: transparent; display: block; padding: 0; max-width: 700px;\" title=\"Reproductor Audioboom\" data-src=\"https:\/\/embeds.audioboom.com\/posts\/7826161\/embed\/v4\" width=\"100%\" height=\"300\" frameborder=\"0\" scrolling=\"no\" src=\"data:image\/gif;base64,R0lGODlhAQABAAAAACH5BAEKAAEALAAAAAABAAEAAAICTAEAOw==\" class=\"lazyload\" data-load-mode=\"1\"><\/iframe><\/p>\n<p>&nbsp;<\/p>\n<h2><b>Episodio 6: Vocabulario sobre la crisis clim\u00e1tica<\/b><\/h2>\n<h3>Vocabulario en ingl\u00e9s sobre el cambio clim\u00e1tico<\/h3>\n<p>&nbsp;<\/p>\n<p><span style=\"font-weight: 400;\">Cuando se trata de <\/span><b>abordar <\/b> <span style=\"font-weight: 400;\">cambio clim\u00e1tico, la gente suele pensar: s\u00f3lo soy una persona, \u00bfc\u00f3mo puedo marcar realmente la diferencia? Pero la respuesta es: mucho. Tus peque\u00f1as acciones no s\u00f3lo pueden tener un impacto, sino que tambi\u00e9n pueden servir para inspirar a otros. Este episodio trata sobre la acci\u00f3n clim\u00e1tica, y nuestra primera historia es sobre Treasa, una joven de 21 a\u00f1os de la isla de Cape Clear.   <\/span><\/p>\n<p>&nbsp;<\/p>\n<p><span style=\"font-weight: 400;\">Historia Uno:<\/span><\/p>\n<p>&nbsp;<\/p>\n<p><span style=\"font-weight: 400;\">Mis planes para 2020, como los de todo el mundo, dieron un gran giro en marzo. De planear unas pr\u00e1cticas en Vietnam trabajando con una cooperativa de comercio justo durante cinco meses a vivir en casa durante siete meses con mis padres.   <\/span><\/p>\n<p>&nbsp;<\/p>\n<p><span style=\"font-weight: 400;\">Soy de la isla de Cape Clear, en Cork Occidental. S\u00f3lo tiene 5 km de largo y 1 km de ancho, y una poblaci\u00f3n de unas 120 personas, seg\u00fan la \u00e9poca del a\u00f1o. En Cape Clear, como en cualquier isla, las tareas m\u00e1s b\u00e1sicas no son tan f\u00e1ciles porque todo tiene que entrar y salir en el ferry. Vivir aqu\u00ed tiene     <\/span><b>dio forma a<\/b><span style=\"font-weight: 400;\"> y reforzado mi pasi\u00f3n por la sostenibilidad.<\/span><\/p>\n<p>&nbsp;<\/p>\n<p><span style=\"font-weight: 400;\">A lo largo del a\u00f1o, particip\u00e9 en varias acciones clim\u00e1ticas. Una de mis favoritas fue el proyecto de conservaci\u00f3n con mi t\u00edo y mis primos. Reparamos m\u00e1s de 400 m de    <\/span><b>muro de piedra seca<\/b><span style=\"font-weight: 400;\">  en nuestra granja familiar. Fue una experiencia incre\u00edble. Aprend\u00ed una habilidad tradicional que existe desde hace cientos de a\u00f1os. Esto me ha dado un aprecio y una perspectiva totalmente nuevos de la tierra y de la importancia de preservar nuestros h\u00e1bitats naturales. Tambi\u00e9n organic\u00e9 un par de limpiezas de playas durante la primavera y el verano y recib\u00ed un gran apoyo.      <\/span><\/p>\n<p>&nbsp;<\/p>\n<p><span style=\"font-weight: 400;\">Tambi\u00e9n fue durante el encierro cuando trabaj\u00e9 en mi principal acci\u00f3n: cofundar el primer mercado de agricultores de Cape Clear. Creo firmemente en la compra local, y   <\/span><b>alimentos de temporada<\/b><span style=\"font-weight: 400;\">As\u00ed que, mientras estaba en casa, me di cuenta de que import\u00e1bamos todos nuestros alimentos del continente. Viviendo en una isla, en una zona rural donde la agricultura es nuestra mayor industria, me lo cuestion\u00e9. \u00bfPor qu\u00e9 no pod\u00edamos comprar al menos parte de nuestros alimentos a los productores locales de la isla? En las semanas siguientes se me ocurri\u00f3 una soluci\u00f3n con el apoyo de otros, y en julio pusimos en marcha el primer mercado de agricultores. Funcion\u00f3 todas las semanas hasta mediados de septiembre. El mercado ofrece a los agricultores y productores un lugar donde vender sus       <\/span><b>produce<\/b><span style=\"font-weight: 400;\">  y para que los habitantes y visitantes compren productos locales y de temporada. Calculamos que puedes hacer alrededor de un tercio de tu compra semanal en el mercado, al tiempo que aumentas la concienciaci\u00f3n de la comunidad sobre su sistema alimentario. En el mercado se hizo mucho hincapi\u00e9 en los envases, tanto para el    <\/span><b>tenderos<\/b><span style=\"font-weight: 400;\"> y a los clientes, ya que les animamos a que trajeran sus propios recipientes. <\/span> <\/p>\n<p>&nbsp;<\/p>\n<p><span style=\"font-weight: 400;\">Recibimos una gran reacci\u00f3n de los medios de comunicaci\u00f3n al respecto, ya que en aquel momento yo participaba en dos actos de las Naciones Unidas en los que hablaba sobre los sistemas alimentarios. Esto demuestra que una peque\u00f1a acci\u00f3n puede provocar un gran cambio. He aprendido algunas cosas,    <\/span><\/p>\n<ol>\n<li><span style=\"font-weight: 400;\">  es cuestionar las cosas.  <\/span><\/li>\n<li><span style=\"font-weight: 400;\">  Aprovechar las oportunidades que se presenten.  <\/span><\/li>\n<\/ol>\n<p><span style=\"font-weight: 400;\">Y finalmente 3.hacer peque\u00f1os cambios. Porque si no eres t\u00fa, qui\u00e9n, si no es ahora, cu\u00e1ndo. <\/span><\/p>\n<p>&nbsp;<\/p>\n<p><img decoding=\"async\" class=\"alignnone wp-image-79732 size-full lazyload\" data-src=\"https:\/\/everestlanguageschool.com\/wp-content\/uploads\/2021\/03\/Screenshot-2021-03-19-at-11.57.54.png\" alt=\"Vocabulario en ingl\u00e9s sobre el cambio clim\u00e1tico\" width=\"960\" height=\"1190\" data-srcset=\"https:\/\/everestlanguageschool.com\/wp-content\/uploads\/2021\/03\/Screenshot-2021-03-19-at-11.57.54.png 960w, https:\/\/everestlanguageschool.com\/wp-content\/uploads\/2021\/03\/Screenshot-2021-03-19-at-11.57.54-242x300.png 242w, https:\/\/everestlanguageschool.com\/wp-content\/uploads\/2021\/03\/Screenshot-2021-03-19-at-11.57.54-826x1024.png 826w, https:\/\/everestlanguageschool.com\/wp-content\/uploads\/2021\/03\/Screenshot-2021-03-19-at-11.57.54-768x952.png 768w\" data-sizes=\"(max-width: 960px) 100vw, 960px\" src=\"data:image\/gif;base64,R0lGODlhAQABAAAAACH5BAEKAAEALAAAAAABAAEAAAICTAEAOw==\" style=\"--smush-placeholder-width: 960px; --smush-placeholder-aspect-ratio: 960\/1190;\" \/><\/p>\n<p>&nbsp;<\/p>\n<p><span style=\"font-weight: 400;\">\u00bfTe ha inspirado la historia de Treasa?<\/span><\/p>\n<p>&nbsp;<\/p>\n<p><span style=\"font-weight: 400;\">Pues bien, aqu\u00ed tienes diez maneras de emprender la Acci\u00f3n por el Clima, y recuerda que puedes empezar s\u00f3lo con una.<\/span><\/p>\n<p>&nbsp;<\/p>\n<ol>\n<li style=\"font-weight: 400;\" aria-level=\"1\"><span style=\"font-weight: 400;\">Limita la cantidad de <\/span><b>combustible f\u00f3sil<\/b><span style=\"font-weight: 400;\">:<\/span><\/li>\n<\/ol>\n<p>&nbsp;<\/p>\n<p><span style=\"font-weight: 400;\">Ten un d\u00eda sin coche a la semana. Ve a pie o en bicicleta para trayectos cortos. Reduce el termostato de la calefacci\u00f3n. Cambia a bombillas de bajo consumo.     <\/span><\/p>\n<p>&nbsp;<\/p>\n<ol>\n<li style=\"font-weight: 400;\" aria-level=\"1\"><span style=\"font-weight: 400;\">Conversaciones sobre el clima<\/span><\/li>\n<\/ol>\n<p>&nbsp;<\/p>\n<p><span style=\"font-weight: 400;\">Habla con familiares y amigos sobre el cambio clim\u00e1tico, esc\u00fachales y mediante la conversaci\u00f3n podemos ayudar a que todos nos acompa\u00f1en. Habla con tus pol\u00edticos y preg\u00fantales qu\u00e9 medidas est\u00e1n tomando para hacer frente a las emergencias clim\u00e1ticas y de biodiversidad. <\/span><\/p>\n<p>&nbsp;<\/p>\n<ol>\n<li style=\"font-weight: 400;\" aria-level=\"1\"><span style=\"font-weight: 400;\">Lleva una dieta m\u00e1s vegetal<\/span><\/li>\n<\/ol>\n<p>&nbsp;<\/p>\n<p><span style=\"font-weight: 400;\">Ahorra dinero y mejora tu salud. Si el ganado fuera su propia naci\u00f3n, \u00a1ser\u00eda el tercer emisor mundial de gases de efecto invernadero! <\/span><\/p>\n<p>&nbsp;<\/p>\n<ol>\n<li style=\"font-weight: 400;\" aria-level=\"1\"><span style=\"font-weight: 400;\">Reducir millas a\u00e9reas<\/span><\/li>\n<\/ol>\n<p>&nbsp;<\/p>\n<p><span style=\"font-weight: 400;\">Tomando menos vuelos a lo largo del a\u00f1o reduces tu <\/span><b>huella de carbono<\/b><span style=\"font-weight: 400;\">. Piensa antes de volar. <\/span><\/p>\n<p>&nbsp;<\/p>\n<ol>\n<li style=\"font-weight: 400;\" aria-level=\"1\"><span style=\"font-weight: 400;\">Desecha, reduce, recicla y <\/span><b>pudrir<\/b><\/li>\n<\/ol>\n<p>&nbsp;<\/p>\n<p><span style=\"font-weight: 400;\">Para empezar, evita que los residuos entren en tu casa y rechaza lo que no necesites, sobre todo los pl\u00e1sticos de un solo uso. Reduce la cantidad de residuos que produces reduciendo la cantidad que compras. Recicla lo que no puedas rechazar, reducir o reutilizar y, por \u00faltimo, \u00a1d\u00e9jalo pudrir o compostar!  <\/span> <span style=\"font-weight: 400;\">\u00bfProporciona tu comunidad un contenedor de residuos de alimentos, o un <\/span><b>compostaje<\/b><span style=\"font-weight: 400;\">  programa? Si no es as\u00ed, \u00a1bienvenido al maravilloso mundo del compostaje dom\u00e9stico! <\/span><\/p>\n<p>&nbsp;<\/p>\n<ol>\n<li style=\"font-weight: 400;\" aria-level=\"1\"><span style=\"font-weight: 400;\">Compra productos locales, ecol\u00f3gicos y de comercio justo.  <\/span><\/li>\n<\/ol>\n<p>&nbsp;<\/p>\n<p><span style=\"font-weight: 400;\">Busca tu mercado agr\u00edcola local. Al comprar alimentos cultivados localmente, no s\u00f3lo apoyas a los productores locales, sino que tambi\u00e9n reduces la distancia que han tenido que recorrer tus alimentos. <\/span><\/p>\n<p>&nbsp;<\/p>\n<ol>\n<li style=\"font-weight: 400;\" aria-level=\"1\"><span style=\"font-weight: 400;\">Cultiva tus propios alimentos<\/span><\/li>\n<\/ol>\n<p>&nbsp;<\/p>\n<p><span style=\"font-weight: 400;\">Aunque tengas un peque\u00f1o huerto, o s\u00f3lo un balc\u00f3n, puedes divertirte viendo crecer tus deliciosos y frescos alimentos, \u00a1o por qu\u00e9 no probar a cultivar unas cuantas hierbas!<\/span><\/p>\n<p>&nbsp;<\/p>\n<ol>\n<li style=\"font-weight: 400;\" aria-level=\"1\"><span style=\"font-weight: 400;\">Evita el desperdicio de alimentos<\/span><\/li>\n<\/ol>\n<p>&nbsp;<\/p>\n<p><span style=\"font-weight: 400;\">Actualmente se desperdicia un tercio de los alimentos. As\u00ed que, en lugar de tirar la comida, \u00bfpor qu\u00e9 no preparas las comidas con antelaci\u00f3n y las guardas en el congelador?   <\/span><\/p>\n<p>&nbsp;<\/p>\n<ol>\n<li style=\"font-weight: 400;\" aria-level=\"1\"><span style=\"font-weight: 400;\">Planta \u00e1rboles<\/span><\/li>\n<\/ol>\n<p>&nbsp;<\/p>\n<p><span style=\"font-weight: 400;\">Plantar \u00e1rboles aut\u00f3ctonos en tu zona es una forma excelente de ayudar a eliminar carbono de la atm\u00f3sfera, beneficiando a tu localidad y al medio ambiente.<\/span><\/p>\n<p>&nbsp;<\/p>\n<ol>\n<li style=\"font-weight: 400;\" aria-level=\"1\"><span style=\"font-weight: 400;\">Consume menos, derrocha menos<\/span><\/li>\n<\/ol>\n<p>&nbsp;<\/p>\n<p><span style=\"font-weight: 400;\">Cuando compras menos, t\u00fa <\/span><b>a su vez<\/b><span style=\"font-weight: 400;\">  desperdicias menos. Esto te da m\u00e1s tiempo para salir al exterior y conectar con la naturaleza, y puede hacerte sentir mucho mejor que comprar cosas. <\/span><\/p>\n<p>&nbsp;<\/p>\n<p><span style=\"font-weight: 400;\">Historia Tres: Greta Thunberg<\/span><\/p>\n<p><span style=\"font-weight: 400;\">Intro:<\/span><\/p>\n<p>&nbsp;<\/p>\n<p><span style=\"font-weight: 400;\">Si buscas m\u00e1s inspiraci\u00f3n, no busques m\u00e1s all\u00e1 de <a href=\"https:\/\/en.wikipedia.org\/wiki\/Greta_Thunberg\">Greta Thunberg<\/a>, que se ha convertido en una voz destacada en lo que se refiere al cambio clim\u00e1tico. No s\u00f3lo   <\/span><b>chispa<\/b><span style=\"font-weight: 400;\">  un movimiento internacional, sino que inspir\u00f3 a millones de personas a unirse a las protestas en todo el mundo. Esto es s\u00f3lo una parte de su viaje hasta ahora. <\/span><\/p>\n<p>&nbsp;<\/p>\n<p><span style=\"font-weight: 400;\">Historia:<\/span><\/p>\n<p>&nbsp;<\/p>\n<p><span style=\"font-weight: 400;\">Con tan s\u00f3lo 15 a\u00f1os, Greta empez\u00f3 a protestar frente al Parlamento sueco y <\/span><b>prometi\u00f3<\/b><span style=\"font-weight: 400;\"> continuar hasta que el gobierno cumpliera el objetivo de emisiones de carbono acordado por los l\u00edderes mundiales en Par\u00eds, en 2015. <\/span> <\/p>\n<p>&nbsp;<\/p>\n<p><span style=\"font-weight: 400;\">Todos los viernes se sentaba y sosten\u00eda un cartel que dec\u00eda \u00abHuelga escolar por el clima\u00bb. Empez\u00f3 poco a poco, pero pronto sus protestas se hicieron virales y se difundieron con el hashtag #FridaysForFuture. En diciembre de 2018, m\u00e1s de 20.000 estudiantes de todo el mundo se hab\u00edan unido a ella en pa\u00edses como Australia, Reino Unido, B\u00e9lgica, Estados Unidos y Jap\u00f3n. Se uni\u00f3 a huelgas por toda Europa, eligiendo viajar en tren para limitar su impacto sobre el medio ambiente.   <\/span><\/p>\n<p>&nbsp;<\/p>\n<p><span style=\"font-weight: 400;\">Greta decidi\u00f3 entonces tomarse 2019 libre para seguir haciendo campa\u00f1a, y asisti\u00f3 a importantes conferencias sobre el clima y se uni\u00f3 a otras protestas estudiantiles en todo el mundo. Incluso intervino en la conferencia de la ONU sobre el clima, donde   <\/span><b>rega\u00f1ado<\/b><span style=\"font-weight: 400;\">  pol\u00edticos por confiar en los j\u00f3venes para encontrar respuestas al cambio clim\u00e1tico. M\u00e1s tarde fue nombrada Persona del A\u00f1o por la revista Time.   <\/span><\/p>\n<p>&nbsp;<\/p>\n<p><span style=\"font-weight: 400;\">Gracias a Greta, millones de personas de todo el mundo han despertado al cambio clim\u00e1tico. Sir David Attenborough lo resumi\u00f3 muy bien cuando le dijo que ella hab\u00eda conseguido cosas que muchos otros no hab\u00edan logrado, diciendo: \u00abhas despertado al mundo. Te estoy muy agradecido\u00bb. <\/span><\/p>\n<p>&nbsp;<\/p>\n<p><span style=\"font-weight: 400;\">Gracias por escuchar, esperamos que hayas disfrutado del episodio de hoy y de las historias que has o\u00eddo. Esto es todo por ahora. Adi\u00f3s de parte de todos nosotros.  <\/span><\/p>\n<p><img decoding=\"async\" class=\"alignnone wp-image-79739 size-full lazyload\" data-src=\"https:\/\/everestlanguageschool.com\/wp-content\/uploads\/2021\/03\/Screenshot-2021-03-19-at-11.57.17.png\" alt=\"Vocabulario en ingl\u00e9s sobre el cambio clim\u00e1tico en el Everest\" width=\"1192\" height=\"1190\" data-srcset=\"https:\/\/everestlanguageschool.com\/wp-content\/uploads\/2021\/03\/Screenshot-2021-03-19-at-11.57.17.png 1192w, https:\/\/everestlanguageschool.com\/wp-content\/uploads\/2021\/03\/Screenshot-2021-03-19-at-11.57.17-300x300.png 300w, https:\/\/everestlanguageschool.com\/wp-content\/uploads\/2021\/03\/Screenshot-2021-03-19-at-11.57.17-1024x1022.png 1024w, https:\/\/everestlanguageschool.com\/wp-content\/uploads\/2021\/03\/Screenshot-2021-03-19-at-11.57.17-150x150.png 150w, https:\/\/everestlanguageschool.com\/wp-content\/uploads\/2021\/03\/Screenshot-2021-03-19-at-11.57.17-768x767.png 768w, https:\/\/everestlanguageschool.com\/wp-content\/uploads\/2021\/03\/Screenshot-2021-03-19-at-11.57.17-160x160.png 160w\" data-sizes=\"(max-width: 1192px) 100vw, 1192px\" src=\"data:image\/gif;base64,R0lGODlhAQABAAAAACH5BAEKAAEALAAAAAABAAEAAAICTAEAOw==\" style=\"--smush-placeholder-width: 1192px; --smush-placeholder-aspect-ratio: 1192\/1190;\" \/><\/p>\n<h2><span style=\"font-weight: 400;\">Vocabulario en ingl\u00e9s sobre el cambio clim\u00e1tico:<\/span><\/h2>\n<p>&nbsp;<\/p>\n<p><span style=\"font-weight: 400;\">Este glosario acompa\u00f1a al Episodio 5 de la serie de podcasts y te proporcionar\u00e1 breves definiciones de palabras y t\u00e9rminos que hayas o\u00eddo o le\u00eddo y que puedan resultarte nuevos o desconocidos.<\/span><\/p>\n<p>&nbsp;<\/p>\n<p><span style=\"font-weight: 400;\">Intro:<\/span><\/p>\n<ul>\n<li style=\"font-weight: 400;\" aria-level=\"1\"><span style=\"font-weight: 400;\">abordar &#8211; tratar o intentar gestionar<\/span><\/li>\n<\/ul>\n<p>&nbsp;<\/p>\n<p><span style=\"font-weight: 400;\">Historia Uno  <\/span><\/p>\n<ul>\n<li style=\"font-weight: 400;\" aria-level=\"1\"><span style=\"font-weight: 400;\">Muro de piedra seca: antigua forma de construir muros en Irlanda sin utilizar productos h\u00famedos, como barro o cemento.<\/span><\/li>\n<li style=\"font-weight: 400;\" aria-level=\"1\"><span style=\"font-weight: 400;\">alimentos de temporada: alimentos que est\u00e1n disponibles y en su mejor momento en una estaci\u00f3n concreta; por ejemplo, en Irlanda, los alimentos de temporada en enero incluir\u00edan col rizada, br\u00e9col y zanahorias, \u00a1pero no tomates!<\/span><\/li>\n<li style=\"font-weight: 400;\" aria-level=\"1\"><span style=\"font-weight: 400;\">tenderos &#8211; personas que venden cosas en un puesto (una tienda temporal al aire libre en un mercado)<\/span><\/li>\n<\/ul>\n<p>&nbsp;<\/p>\n<p><span style=\"font-weight: 400;\">Historia dos<\/span><\/p>\n<ul>\n<li style=\"font-weight: 400;\" aria-level=\"1\"><span style=\"font-weight: 400;\">combustible f\u00f3sil &#8211; combustibles como el carb\u00f3n, el gas, el petr\u00f3leo o la turba<\/span><\/li>\n<li style=\"font-weight: 400;\" aria-level=\"1\"><span style=\"font-weight: 400;\">putrefacci\u00f3n &#8211; proceso por el que los materiales vegetales y animales se descomponen (putrefacci\u00f3n), adjetivo: podrido<\/span><\/li>\n<li style=\"font-weight: 400;\" aria-level=\"1\"><span style=\"font-weight: 400;\">Compostaje: proceso que utiliza material vegetal en descomposici\u00f3n (procedente, por ejemplo, de la basura dom\u00e9stica) para crear nuevo material para el cultivo de plantas.<\/span><\/li>\n<\/ul>\n<p>&nbsp;<\/p>\n<p><span style=\"font-weight: 400;\">Historia tres<\/span><\/p>\n<ul>\n<li style=\"font-weight: 400;\" aria-level=\"1\"><span style=\"font-weight: 400;\">chispa &#8211; arrancar<\/span><\/li>\n<li style=\"font-weight: 400;\" aria-level=\"1\"><span style=\"font-weight: 400;\">jur\u00f3 &#8211; prometi\u00f3<\/span><\/li>\n<li style=\"font-weight: 400;\" aria-level=\"1\"><span style=\"font-weight: 400;\">Rega\u00f1ado &#8211; forma de hablar a alguien (a menudo un ni\u00f1o) que ha hecho algo mal. En Irlanda utilizamos el verbo frasal \u00abdar a alguien\u00bb para significar lo mismo <\/span><\/li>\n<\/ul>\n","protected":false},"excerpt":{"rendered":"<p>Podcast sobre el cambio clim\u00e1tico para aprender ingl\u00e9s Bienvenidos al \u00faltimo episodio de nuestra actual serie de podcasts. Esperamos que hayas disfrutado con las historias que hemos contado y estamos encantados de dedicar nuestra \u00faltima entrega al tema del cambio clim\u00e1tico. Escucharemos la historia personal de un irland\u00e9s que est\u00e1 marcando una verdadera diferencia, escucharemos &hellip;<\/p>\n<p class=\"read-more\"> <a class=\"\" href=\"https:\/\/everestlanguageschool.com\/es\/podcast-sobre-el-cambio-climatico\/\"> <span class=\"screen-reader-text\">Podcast sobre el cambio clim\u00e1tico<\/span> Leer m\u00e1s &raquo;<\/a><\/p>\n","protected":false},"author":1,"featured_media":79731,"comment_status":"closed","ping_status":"open","sticky":false,"template":"","format":"standard","meta":{"inline_featured_image":false,"site-sidebar-layout":"default","site-content-layout":"default","ast-global-header-display":"","ast-main-header-display":"","ast-hfb-above-header-display":"","ast-hfb-below-header-display":"","ast-hfb-mobile-header-display":"","site-post-title":"","ast-breadcrumbs-content":"","ast-featured-img":"","footer-sml-layout":"","theme-transparent-header-meta":"","adv-header-id-meta":"","stick-header-meta":"","header-above-stick-meta":"","header-main-stick-meta":"","header-below-stick-meta":"","footnotes":""},"categories":[1560],"tags":[2037,2038],"class_list":["post-93245","post","type-post","status-publish","format-standard","has-post-thumbnail","hentry","category-podcast-aprende-ingles-con-everest","tag-cambio-climatico","tag-vocabulario-ingles"],"jetpack_featured_media_url":"https:\/\/everestlanguageschool.com\/wp-content\/uploads\/2021\/03\/Screenshot-2021-03-19-at-11.58.57.png","_links":{"self":[{"href":"https:\/\/everestlanguageschool.com\/es\/wp-json\/wp\/v2\/posts\/93245","targetHints":{"allow":["GET"]}}],"collection":[{"href":"https:\/\/everestlanguageschool.com\/es\/wp-json\/wp\/v2\/posts"}],"about":[{"href":"https:\/\/everestlanguageschool.com\/es\/wp-json\/wp\/v2\/types\/post"}],"author":[{"embeddable":true,"href":"https:\/\/everestlanguageschool.com\/es\/wp-json\/wp\/v2\/users\/1"}],"replies":[{"embeddable":true,"href":"https:\/\/everestlanguageschool.com\/es\/wp-json\/wp\/v2\/comments?post=93245"}],"version-history":[{"count":0,"href":"https:\/\/everestlanguageschool.com\/es\/wp-json\/wp\/v2\/posts\/93245\/revisions"}],"wp:featuredmedia":[{"embeddable":true,"href":"https:\/\/everestlanguageschool.com\/es\/wp-json\/wp\/v2\/media\/79731"}],"wp:attachment":[{"href":"https:\/\/everestlanguageschool.com\/es\/wp-json\/wp\/v2\/media?parent=93245"}],"wp:term":[{"taxonomy":"category","embeddable":true,"href":"https:\/\/everestlanguageschool.com\/es\/wp-json\/wp\/v2\/categories?post=93245"},{"taxonomy":"post_tag","embeddable":true,"href":"https:\/\/everestlanguageschool.com\/es\/wp-json\/wp\/v2\/tags?post=93245"}],"curies":[{"name":"wp","href":"https:\/\/api.w.org\/{rel}","templated":true}]}}