{"id":92659,"date":"2016-08-09T15:18:09","date_gmt":"2016-08-09T15:18:09","guid":{"rendered":"https:\/\/everestlanguageschool.com\/visa-pour-etudes-et-travail-nouvelles-periodes-de-travail-2016-en-irlande\/"},"modified":"2016-08-09T15:18:09","modified_gmt":"2016-08-09T15:18:09","slug":"visa-pour-etudes-et-travail-nouvelles-periodes-de-travail-2016-en-irlande","status":"publish","type":"post","link":"https:\/\/everestlanguageschool.com\/fr\/visa-pour-etudes-et-travail-nouvelles-periodes-de-travail-2016-en-irlande\/","title":{"rendered":"Visa pour \u00e9tudes et travail : Nouvelles p\u00e9riodes de travail 2016 en Irlande"},"content":{"rendered":"<h1>Nouvelles dates : Non-EEA on Work Study Visa Nouvelles p\u00e9riodes de travail 2016<\/h1>\n<h2><img fetchpriority=\"high\" decoding=\"async\" class=\"wp-image-10075 aligncenter\" title=\"Nouveaux permis de travail en Irlande pour les \u00e9tudiants non ressortissants de l'EEE\" src=\"https:\/\/everestlanguageschool.com\/wp-content\/uploads\/2014\/12\/New-summer-Working-permissions-in-Ireland-for-non-EEA-students.jpg\" alt=\"Nouveaux permis de travail en Irlande pour les \u00e9tudiants non ressortissants de l'EEE\" width=\"497\" height=\"497\" srcset=\"https:\/\/everestlanguageschool.com\/wp-content\/uploads\/2014\/12\/New-summer-Working-permissions-in-Ireland-for-non-EEA-students.jpg 800w, https:\/\/everestlanguageschool.com\/wp-content\/uploads\/2014\/12\/New-summer-Working-permissions-in-Ireland-for-non-EEA-students-150x150.jpg 150w, https:\/\/everestlanguageschool.com\/wp-content\/uploads\/2014\/12\/New-summer-Working-permissions-in-Ireland-for-non-EEA-students-300x300.jpg 300w, https:\/\/everestlanguageschool.com\/wp-content\/uploads\/2014\/12\/New-summer-Working-permissions-in-Ireland-for-non-EEA-students-768x768.jpg 768w, https:\/\/everestlanguageschool.com\/wp-content\/uploads\/2014\/12\/New-summer-Working-permissions-in-Ireland-for-non-EEA-students-160x160.jpg 160w\" sizes=\"(max-width: 497px) 100vw, 497px\" \/><\/h2>\n<h2>Travailler sur le visa Stamp 2<\/h2>\n<p>Ces informations s&rsquo;appliquent aux \u00e9tudiants qui se trouvent en Irlande dans le cadre d&rsquo;un programme d&rsquo;\u00e9tudes.  <a href=\"https:\/\/everestlanguageschool.com\/fr\/english-school-ireland-visa-pour-etudes-et-travail-annee-academique\/\">ann\u00e9e acad\u00e9mique cours<\/a><\/p>\n<p>Si vous \u00eates titulaire d&rsquo;un visa de travail-\u00e9tudes de type 2, vous \u00eates autoris\u00e9 \u00e0 travailler 20 heures pendant la majeure partie de l&rsquo;ann\u00e9e, que vous suiviez vos cours ou que vous soyez en vacances. Toutefois, \u00e0 certaines p\u00e9riodes, lorsque vous \u00eates en vacances, vous \u00eates autoris\u00e9 \u00e0 travailler 40 heures par semaine. Jusqu&rsquo;\u00e0 pr\u00e9sent, le <g id=\"gid_0\">travail<\/g> \u00e0 temps plein \u00e9tait autoris\u00e9 en mai mais pas en septembre, mais des changements ont \u00e9t\u00e9 apport\u00e9s pour les personnes titulaires d&rsquo;un visa stamp 2 en Irlande. Selon l&rsquo;INIS, \u00e0 partir du 1er septembre 2016, les \u00e9tudiants pourront <g id=\"gid_1\">travailler<\/g> jusqu&rsquo;\u00e0 40 heures par semaine en juin, juillet, ao\u00fbt et septembre (et non plus en mai). Aucun changement n&rsquo;a \u00e9t\u00e9 apport\u00e9 aux autorisations de travail pour la p\u00e9riode de No\u00ebl. Pendant un mois, du 15 d\u00e9cembre au 15 janvier, les \u00e9tudiants seront autoris\u00e9s \u00e0 travailler 40 heures par semaine.    <\/p>\n<p>Si vous \u00eates un \u00e9tudiant non ressortissant de l&rsquo;EEE et que vous disposez d&rsquo;un visa de type 2, vous pouvez travailler 40 heures pendant deux p\u00e9riodes :<\/p>\n<h3>Nouvelle p\u00e9riode de travail en \u00e9t\u00e9 :<\/h3>\n<p>1er juin au 30 septembre (4 mois)<\/p>\n<h3>Hiver Heures de travail :<\/h3>\n<p>15 d\u00e9cembre au 15 janvier (1 mois)<\/p>\n<p>\u00c0 tout autre moment, une limite de 20 heures de <span class=\"il\">travail<\/span> par semaine s&rsquo;applique. <i>Il s&rsquo;agit de chiffres hebdomadaires maximums et non de chiffres moyens.<\/i><\/p>\n<p>Pour plus d&rsquo;informations et de nombreuses ressources, consultez et suivez <a href=\"https:\/\/www.icosirl.ie\">ICOS<\/a>.<\/p>\n","protected":false},"excerpt":{"rendered":"<p>Nouvelles dates : Non-EEA on Work Study Visa Nouvelles p\u00e9riodes de travail 2016 Travailler sur le visa Stamp 2 Ces informations s&rsquo;appliquent aux \u00e9tudiants qui se trouvent en Irlande dans le cadre d&rsquo;un programme d&rsquo;\u00e9tudes. ann\u00e9e acad\u00e9mique cours Si vous \u00eates titulaire d&rsquo;un visa de travail-\u00e9tudes de type 2, vous \u00eates autoris\u00e9 \u00e0 travailler 20 &hellip;<\/p>\n<p class=\"read-more\"> <a class=\"\" href=\"https:\/\/everestlanguageschool.com\/fr\/visa-pour-etudes-et-travail-nouvelles-periodes-de-travail-2016-en-irlande\/\"> <span class=\"screen-reader-text\">Visa pour \u00e9tudes et travail : Nouvelles p\u00e9riodes de travail 2016 en Irlande<\/span> Lire la suite\u00a0\u00bb<\/a><\/p>\n","protected":false},"author":1,"featured_media":85284,"comment_status":"closed","ping_status":"open","sticky":false,"template":"","format":"standard","meta":{"inline_featured_image":false,"site-sidebar-layout":"default","site-content-layout":"default","ast-global-header-display":"","ast-main-header-display":"","ast-hfb-above-header-display":"","ast-hfb-below-header-display":"","ast-hfb-mobile-header-display":"","site-post-title":"","ast-breadcrumbs-content":"","ast-featured-img":"","footer-sml-layout":"","theme-transparent-header-meta":"","adv-header-id-meta":"","stick-header-meta":"","header-above-stick-meta":"","header-main-stick-meta":"","header-below-stick-meta":"","footnotes":""},"categories":[1763],"tags":[],"class_list":["post-92659","post","type-post","status-publish","format-standard","has-post-thumbnail","hentry","category-visa-travail-etudes"],"jetpack_featured_media_url":"https:\/\/everestlanguageschool.com\/wp-content\/uploads\/2014\/12\/New-summer-Working-permissions-in-Ireland-for-non-EEA-students.jpg","_links":{"self":[{"href":"https:\/\/everestlanguageschool.com\/fr\/wp-json\/wp\/v2\/posts\/92659","targetHints":{"allow":["GET"]}}],"collection":[{"href":"https:\/\/everestlanguageschool.com\/fr\/wp-json\/wp\/v2\/posts"}],"about":[{"href":"https:\/\/everestlanguageschool.com\/fr\/wp-json\/wp\/v2\/types\/post"}],"author":[{"embeddable":true,"href":"https:\/\/everestlanguageschool.com\/fr\/wp-json\/wp\/v2\/users\/1"}],"replies":[{"embeddable":true,"href":"https:\/\/everestlanguageschool.com\/fr\/wp-json\/wp\/v2\/comments?post=92659"}],"version-history":[{"count":0,"href":"https:\/\/everestlanguageschool.com\/fr\/wp-json\/wp\/v2\/posts\/92659\/revisions"}],"wp:featuredmedia":[{"embeddable":true,"href":"https:\/\/everestlanguageschool.com\/fr\/wp-json\/wp\/v2\/media\/85284"}],"wp:attachment":[{"href":"https:\/\/everestlanguageschool.com\/fr\/wp-json\/wp\/v2\/media?parent=92659"}],"wp:term":[{"taxonomy":"category","embeddable":true,"href":"https:\/\/everestlanguageschool.com\/fr\/wp-json\/wp\/v2\/categories?post=92659"},{"taxonomy":"post_tag","embeddable":true,"href":"https:\/\/everestlanguageschool.com\/fr\/wp-json\/wp\/v2\/tags?post=92659"}],"curies":[{"name":"wp","href":"https:\/\/api.w.org\/{rel}","templated":true}]}}