{"id":93871,"date":"2025-05-09T13:36:32","date_gmt":"2025-05-09T13:36:32","guid":{"rendered":"https:\/\/everestlanguageschool.com\/presentation-de-notre-projet-erasmus-dublin\/"},"modified":"2025-09-17T14:49:13","modified_gmt":"2025-09-17T14:49:13","slug":"presentation-de-notre-projet-erasmus-dublin","status":"publish","type":"post","link":"https:\/\/everestlanguageschool.com\/fr\/presentation-de-notre-projet-erasmus-dublin\/","title":{"rendered":"Pr\u00e9sentation de notre projet Erasmus+ (Dublin)"},"content":{"rendered":"<p><img fetchpriority=\"high\" decoding=\"async\" width=\"1024\" height=\"768\" src=\"https:\/\/everestlanguageschool.com\/wp-content\/uploads\/2025\/05\/IMG-20250309-WA0035-1024x768.jpg\" alt=\"Erasmus+ Project in Dublin\" srcset=\"https:\/\/everestlanguageschool.com\/wp-content\/uploads\/2025\/05\/IMG-20250309-WA0035-1024x768.jpg 1024w, https:\/\/everestlanguageschool.com\/wp-content\/uploads\/2025\/05\/IMG-20250309-WA0035-300x225.jpg 300w, https:\/\/everestlanguageschool.com\/wp-content\/uploads\/2025\/05\/IMG-20250309-WA0035-768x576.jpg 768w, https:\/\/everestlanguageschool.com\/wp-content\/uploads\/2025\/05\/IMG-20250309-WA0035-1536x1152.jpg 1536w, https:\/\/everestlanguageschool.com\/wp-content\/uploads\/2025\/05\/IMG-20250309-WA0035.jpg 2048w\" sizes=\"(max-width: 1024px) 100vw, 1024px\" \/>\t\t\t\t\t\t\t\t\t\t\t\t\t\t\t<\/p>\n<h1>\u00c0 propos du projet Erasmus  <\/h1>\n<p>A Everest, notre \u00e9quipe et nos \u00e9tudiants ont toujours cherch\u00e9 \u00e0 avoir un impact positif sur la soci\u00e9t\u00e9. Nous sommes donc ravis de vous parler d&rsquo;un projet sur lequel nous avons travaill\u00e9 et qui, nous en sommes convaincus, peut avoir un impact significatif. Depuis janvier, Everest s&rsquo;est associ\u00e9 \u00e0 des organisations en Gr\u00e8ce et en Tch\u00e9quie dans le cadre d&rsquo;une initiative financ\u00e9e par Erasmus+ visant \u00e0 int\u00e9grer des pratiques th\u00e9rapeutiques dans l&rsquo;enseignement des langues pour les r\u00e9fugi\u00e9s, les demandeurs d&rsquo;asile et les apprenants adultes socialement exclus. Ce projet de neuf mois, qui se terminera en septembre 2025, aboutira au d\u00e9veloppement d&rsquo;un programme pilote de formation de deux semaines pour les \u00e9ducateurs, qui sera organis\u00e9 \u00e0 Dublin pour les participants internationaux.   <\/p>\n<p>Les salles de classe irlandaises sont compos\u00e9es d&rsquo;\u00e9l\u00e8ves de tous horizons et de toutes cultures. Il est donc essentiel que les enseignants disposent des comp\u00e9tences et de la formation n\u00e9cessaires pour dispenser des cours tenant compte des traumatismes, en particulier pour les apprenants vuln\u00e9rables. L&rsquo;objectif de ce projet est de faire en sorte que les classes d&rsquo;anglais soient inclusives et capables d&rsquo;accueillir des \u00e9l\u00e8ves de tous horizons et de toutes exp\u00e9riences. La recherche a montr\u00e9 que de nombreux r\u00e9fugi\u00e9s et demandeurs d&rsquo;asile ont du mal \u00e0 s&rsquo;engager dans l&rsquo;enseignement traditionnel de l&rsquo;anglais, tout en faisant face \u00e0 des d\u00e9fis suppl\u00e9mentaires en raison d&rsquo;une ma\u00eetrise limit\u00e9e de l&rsquo;anglais. C&rsquo;est pourquoi Everest et ses partenaires ont lanc\u00e9 cette initiative : d\u00e9velopper un programme complet et pratique qui int\u00e8gre l&rsquo;art-th\u00e9rapie et d&rsquo;autres pratiques th\u00e9rapeutiques dans l&rsquo;enseignement de l&rsquo;anglais langue seconde, afin que tous les apprenants aient une chance \u00e9gale d&rsquo;am\u00e9liorer leurs comp\u00e9tences en anglais.   <\/p>\n<h3>Organisations partenaires  <\/h3>\n<p>Everest s&rsquo;est associ\u00e9 \u00e0 deux organisations internationales incroyables pour entreprendre ce projet international Erasmus+. Amaka et Integracni Centrum Praha (ICP) font toutes deux un travail crucial aupr\u00e8s des personnes d\u00e9plac\u00e9es et marginalis\u00e9es \u00e0 travers l&rsquo;Europe dans le domaine de l&rsquo;art-th\u00e9rapie, du conseil social et juridique, de l&rsquo;enseignement des langues et bien plus encore. Les repr\u00e9sentants de ces deux organisations, Maria Vlachopoulou et Eva \u0160enk\u00fd\u0159ov\u00e1 respectivement, poss\u00e8dent une expertise et une exp\u00e9rience essentielles dans la prestation de services aux r\u00e9fugi\u00e9s et aux demandeurs d&rsquo;asile, qui seront int\u00e9gr\u00e9es dans la cr\u00e9ation finale du programme de formation des enseignants tenant compte des traumatismes. Ces deux organisations font un travail fascinant et nous avons beaucoup de chance de les avoir \u00e0 nos c\u00f4t\u00e9s pour ce projet.     <\/p>\n<p>Amaka est bas\u00e9e en Gr\u00e8ce et organise des ateliers d&rsquo;art-th\u00e9rapie visant \u00e0 lutter contre la solitude et l&rsquo;exclusion sociale, en mettant l&rsquo;accent sur les groupes marginalis\u00e9s. Cette organisation est en mesure d&rsquo;apporter \u00e0 ce projet des connaissances pr\u00e9cieuses sur les avantages de l&rsquo;art-th\u00e9rapie pour l&rsquo;expression et la connexion, en fournissant une expertise sur les meilleures fa\u00e7ons de l&rsquo;incorporer dans l&rsquo;enseignement des langues.   <\/p>\n<p>L&rsquo;ICP, bas\u00e9 en R\u00e9publique tch\u00e8que, veille \u00e0 ce que les personnes b\u00e9n\u00e9ficiant d&rsquo;une protection internationale ou sp\u00e9ciale soient trait\u00e9es \u00e9quitablement dans la soci\u00e9t\u00e9 tch\u00e8que. Ces derni\u00e8res ann\u00e9es, l&rsquo;ICP s&rsquo;est principalement concentr\u00e9 sur l&rsquo;int\u00e9gration des personnes fuyant le conflit en Ukraine, par le biais de projets tels que l&rsquo;enseignement de la langue, le conseil, l&rsquo;aide juridique, les cours d&rsquo;int\u00e9gration sociale et bien d&rsquo;autres choses encore. Elle participe \u00e0 ce projet pour fournir des conseils sur le travail avec les personnes d\u00e9plac\u00e9es et dispenser des cours de langue aux r\u00e9fugi\u00e9s et aux groupes vuln\u00e9rables.  <\/p>\n<p>\t\t\t\t\t\t\t\t\t\t\t\t\t\t\t<img decoding=\"async\" width=\"911\" height=\"1024\" data-src=\"https:\/\/everestlanguageschool.com\/wp-content\/uploads\/2025\/05\/IMG-20250309-WA0033-1-911x1024.jpg\" alt=\"Erasmus partners in Dublin working on KA2 project\" data-srcset=\"https:\/\/everestlanguageschool.com\/wp-content\/uploads\/2025\/05\/IMG-20250309-WA0033-1-911x1024.jpg 911w, https:\/\/everestlanguageschool.com\/wp-content\/uploads\/2025\/05\/IMG-20250309-WA0033-1-267x300.jpg 267w, https:\/\/everestlanguageschool.com\/wp-content\/uploads\/2025\/05\/IMG-20250309-WA0033-1-768x863.jpg 768w, https:\/\/everestlanguageschool.com\/wp-content\/uploads\/2025\/05\/IMG-20250309-WA0033-1.jpg 1067w\" data-sizes=\"(max-width: 911px) 100vw, 911px\" src=\"data:image\/gif;base64,R0lGODlhAQABAAAAACH5BAEKAAEALAAAAAABAAEAAAICTAEAOw==\" class=\"lazyload\" style=\"--smush-placeholder-width: 911px; --smush-placeholder-aspect-ratio: 911\/1024;\" \/>\t\t\t\t\t\t\t\t\t\t\t\t\t\t\t<\/p>\n<h3>Visite d&rsquo;\u00e9tude Erasmus+ \u00e0 Dublin<\/h3>\n<h3>&nbsp;<\/h3>\n<p>Nous avons \u00e9t\u00e9 ravis de donner le coup d&rsquo;envoi de ce projet au d\u00e9but de l&rsquo;ann\u00e9e, en mars, avec une visite des repr\u00e9sentants de nos deux organisations partenaires \u00e0 Dublin. Maria Vlachopoulou d&rsquo;Amaka et Eva \u0160enk\u00fd\u0159ov\u00e1 du PIC se sont toutes deux rendues \u00e0 Dublin pour quatre jours de planification de projet en personne. Tout en se concentrant sur la cr\u00e9ation du programme, Rob, Maria et Eva ont effectu\u00e9 deux visites sur le terrain qui ont \u00e9t\u00e9 tr\u00e8s b\u00e9n\u00e9fiques et instructives pour le projet. La premi\u00e8re a eu lieu chez FIT, une organisation proposant des stages, des formations et des cours de langue, afin de discuter de son travail avec les r\u00e9fugi\u00e9s ukrainiens. Ils ont parl\u00e9 \u00e0 Robert Ardiff et \u00e0 de nombreuses personnes de FIT, des directeurs aux enseignants et aux \u00e9tudiants, de leur exp\u00e9rience de l&rsquo;enseignement de l&rsquo;anglais sp\u00e9cifiquement destin\u00e9 aux groupes vuln\u00e9rables.    &nbsp;<\/p>\n<p>Notre deuxi\u00e8me visite a \u00e9t\u00e9 l&rsquo;occasion de nous entretenir avec Sean McCabe, responsable de la justice climatique et du d\u00e9veloppement durable au Bohemian&rsquo;s Football Club. Sean a particip\u00e9 \u00e0 divers projets avec le Bohemian&rsquo;s Football Club afin de promouvoir l&rsquo;inclusion, notamment une coop\u00e9rative climatique innovante. Cette coop\u00e9rative propose des programmes pour les jeunes apr\u00e8s l&rsquo;\u00e9cole ainsi que des projets de d\u00e9veloppement durable pour les adultes qui purgent actuellement une peine \u00e0 la prison de Mountjoy. L&rsquo;objectif de ces projets est de cr\u00e9er et d&rsquo;encourager des collaborations communautaires pour le changement et l&rsquo;am\u00e9lioration de la soci\u00e9t\u00e9. Sean a parl\u00e9 en d\u00e9tail \u00e0 Maria, Rob et Eva de son projet actuel, qui consiste \u00e0 proposer des cours de formation \u00e0 des personnes en prise directe avec la soci\u00e9t\u00e9, afin de leur permettre d&rsquo;am\u00e9liorer leurs comp\u00e9tences et de s&rsquo;engager dans des apprentissages au sein de la communaut\u00e9. Ces conversations ont \u00e9t\u00e9 tr\u00e8s b\u00e9n\u00e9fiques pour notre projet, car elles nous ont permis de mieux comprendre comment les cours de formation actuels destin\u00e9s aux personnes d\u00e9plac\u00e9es en Irlande sont dispens\u00e9s et ont permis une collaboration cr\u00e9ative entre nos deux projets.     &nbsp;<\/p>\n<h3>&nbsp;<\/h3>\n<p>\t\t\t\t\t\t\t\t\t\t\t\t\t\t\t<img decoding=\"async\" width=\"854\" height=\"750\" data-src=\"https:\/\/everestlanguageschool.com\/wp-content\/uploads\/2025\/05\/Screenshot-2025-05-07-at-15.55.20.png\" alt=\"Bohemian Football Club\" data-srcset=\"https:\/\/everestlanguageschool.com\/wp-content\/uploads\/2025\/05\/Screenshot-2025-05-07-at-15.55.20.png 854w, https:\/\/everestlanguageschool.com\/wp-content\/uploads\/2025\/05\/Screenshot-2025-05-07-at-15.55.20-300x263.png 300w, https:\/\/everestlanguageschool.com\/wp-content\/uploads\/2025\/05\/Screenshot-2025-05-07-at-15.55.20-768x674.png 768w\" data-sizes=\"(max-width: 854px) 100vw, 854px\" src=\"data:image\/gif;base64,R0lGODlhAQABAAAAACH5BAEKAAEALAAAAAABAAEAAAICTAEAOw==\" class=\"lazyload\" style=\"--smush-placeholder-width: 854px; --smush-placeholder-aspect-ratio: 854\/750;\" \/>\t\t\t\t\t\t\t\t\t\t\t\t\t\t\t<\/p>\n<h3 style=\"font-size: 1.66667rem; font-style: normal; color: #3a3a3a;\">Prochaines \u00e9tapes du projet  <\/h3>\n<p style=\"font-size: 15px; font-style: normal; font-weight: 300;\">Ce projet se poursuivra cette ann\u00e9e avec deux autres r\u00e9unions en personne cet \u00e9t\u00e9, d&rsquo;abord un voyage en Gr\u00e8ce en mai, suivi d&rsquo;une visite \u00e0 Prague le mois suivant. La session grecque sera dirig\u00e9e par Amaka et se concentrera sur l&rsquo;\u00e9coute des th\u00e9rapeutes et des facilitateurs impliqu\u00e9s dans des sessions d&rsquo;art-th\u00e9rapie pour les r\u00e9fugi\u00e9s. Des repr\u00e9sentants d&rsquo;Everest et de l&rsquo;ICP auront l&rsquo;occasion d&rsquo;observer et de participer \u00e0 des s\u00e9ances d&rsquo;art-th\u00e9rapie non ax\u00e9es sur l&rsquo;enseignement de l&rsquo;anglais, et de comprendre comment ces pratiques peuvent \u00eatre adapt\u00e9es \u00e0 un programme d&rsquo;enseignement des langues.    <\/p>\n<p style=\"font-size: 15px; font-style: normal; font-weight: 300;\">La session de Prague permettra aux repr\u00e9sentants d&rsquo;Everest et d&rsquo;Amaka d&rsquo;observer des enseignants dispensant des cours \u00e0 des r\u00e9fugi\u00e9s r\u00e9cemment arriv\u00e9s, notamment d&rsquo;Ukraine. Les sessions d&rsquo;observation contribueront \u00e0 faciliter la compr\u00e9hension de la mani\u00e8re dont les enseignants dispensent des cours tenant compte des traumatismes \u00e0 ces groupes. Des sessions de feedback et de collaboration suivront, permettant aux participants de d\u00e9velopper des plans de cours et des programmes d&rsquo;\u00e9tudes avec les conseils et les commentaires des facilitateurs de l&rsquo;ICP.    <\/p>\n<p style=\"font-size: 15px; font-style: normal; font-weight: 300;\">Le projet aboutira \u00e0 l&rsquo;\u00e9laboration d&rsquo;un programme ax\u00e9 sur les m\u00e9thodes th\u00e9rapeutiques d&rsquo;enseignement de l&rsquo;anglais pour les r\u00e9fugi\u00e9s, les demandeurs d&rsquo;asile et les apprenants adultes socialement exclus. Ce programme sera dispens\u00e9 sous la forme d&rsquo;un cours de formation pour les enseignants en Irlande, et aura \u00e9t\u00e9 inform\u00e9 et guid\u00e9 par la collaboration et les actions entreprises par les repr\u00e9sentants d&rsquo;Everest, d&rsquo;Amaka et de l&rsquo;ICP. Everest esp\u00e8re que ce syllabus ne sera pas seulement b\u00e9n\u00e9fique aux professeurs de langues, mais qu&rsquo;il informera et inspirera les recherches futures dans ce domaine afin de garantir que l&rsquo;apprentissage des langues soit accessible et inclusif pour tous. Nous sommes tr\u00e8s enthousiastes \u00e0 l&rsquo;id\u00e9e de ce que le reste de l&rsquo;ann\u00e9e nous r\u00e9serve et nous avons h\u00e2te de le partager avec vous dans les mois \u00e0 venir !   <\/p>\n<p>\t\t\t\t\t\t\t\t\t\t\t\t\t\t\t<img decoding=\"async\" width=\"800\" height=\"796\" data-src=\"https:\/\/everestlanguageschool.com\/wp-content\/uploads\/2025\/05\/Screenshot-2025-05-07-at-15.59.41.png\" alt=\"Erasmus+ project research with FIT Dublin\" data-srcset=\"https:\/\/everestlanguageschool.com\/wp-content\/uploads\/2025\/05\/Screenshot-2025-05-07-at-15.59.41.png 800w, https:\/\/everestlanguageschool.com\/wp-content\/uploads\/2025\/05\/Screenshot-2025-05-07-at-15.59.41-300x300.png 300w, https:\/\/everestlanguageschool.com\/wp-content\/uploads\/2025\/05\/Screenshot-2025-05-07-at-15.59.41-150x150.png 150w, https:\/\/everestlanguageschool.com\/wp-content\/uploads\/2025\/05\/Screenshot-2025-05-07-at-15.59.41-768x764.png 768w\" data-sizes=\"(max-width: 800px) 100vw, 800px\" src=\"data:image\/gif;base64,R0lGODlhAQABAAAAACH5BAEKAAEALAAAAAABAAEAAAICTAEAOw==\" class=\"lazyload\" style=\"--smush-placeholder-width: 800px; --smush-placeholder-aspect-ratio: 800\/796;\" \/><br \/>\n\t\t\t\t\t\t\t\t\t\t\t\t\t\t\t<img decoding=\"async\" width=\"1024\" height=\"190\" data-src=\"https:\/\/everestlanguageschool.com\/wp-content\/uploads\/2025\/05\/Untitled-design-4-1024x190.png\" alt=\"Erasmus Logos\" data-srcset=\"https:\/\/everestlanguageschool.com\/wp-content\/uploads\/2025\/05\/Untitled-design-4-1024x190.png 1024w, https:\/\/everestlanguageschool.com\/wp-content\/uploads\/2025\/05\/Untitled-design-4-300x56.png 300w, https:\/\/everestlanguageschool.com\/wp-content\/uploads\/2025\/05\/Untitled-design-4-768x142.png 768w, https:\/\/everestlanguageschool.com\/wp-content\/uploads\/2025\/05\/Untitled-design-4.png 1080w\" data-sizes=\"(max-width: 1024px) 100vw, 1024px\" src=\"data:image\/gif;base64,R0lGODlhAQABAAAAACH5BAEKAAEALAAAAAABAAEAAAICTAEAOw==\" class=\"lazyload\" style=\"--smush-placeholder-width: 1024px; --smush-placeholder-aspect-ratio: 1024\/190;\" \/><\/p>\n","protected":false},"excerpt":{"rendered":"<p>D\u00e9couvrez comment notre projet Erasmus+ transforme l&rsquo;enseignement des langues pour les r\u00e9fugi\u00e9s et les apprenants marginalis\u00e9s ! Depuis janvier, Everest s&rsquo;est associ\u00e9 \u00e0 des organisations en Gr\u00e8ce et en Tch\u00e9quie pour int\u00e9grer des pratiques th\u00e9rapeutiques dans l&rsquo;enseignement de l&rsquo;anglais. Cette initiative innovante vise \u00e0 cr\u00e9er un environnement de classe inclusif, garantissant que tous les \u00e9tudiants, quel que soit leur milieu, ont la possibilit\u00e9 de s&rsquo;\u00e9panouir. Rejoignez-nous dans cette aventure alors que nous d\u00e9veloppons un programme de formation complet pour les \u00e9ducateurs, dont le point culminant sera un programme unique de deux semaines \u00e0 Dublin. Ensemble, nous pouvons avoir un impact significatif et inspirer la recherche future en mati\u00e8re d&rsquo;apprentissage accessible des langues.    <\/p>\n","protected":false},"author":1,"featured_media":91542,"comment_status":"closed","ping_status":"closed","sticky":false,"template":"","format":"standard","meta":{"inline_featured_image":false,"site-sidebar-layout":"default","site-content-layout":"default","ast-global-header-display":"","ast-main-header-display":"","ast-hfb-above-header-display":"","ast-hfb-below-header-display":"","ast-hfb-mobile-header-display":"","site-post-title":"","ast-breadcrumbs-content":"","ast-featured-img":"","footer-sml-layout":"","theme-transparent-header-meta":"","adv-header-id-meta":"","stick-header-meta":"","header-above-stick-meta":"","header-main-stick-meta":"","header-below-stick-meta":"","footnotes":""},"categories":[16],"tags":[],"class_list":["post-93871","post","type-post","status-publish","format-standard","has-post-thumbnail","hentry","category-non-classifiee"],"jetpack_featured_media_url":"https:\/\/everestlanguageschool.com\/wp-content\/uploads\/2025\/05\/IMG-20250309-WA0033-1.jpg","_links":{"self":[{"href":"https:\/\/everestlanguageschool.com\/fr\/wp-json\/wp\/v2\/posts\/93871","targetHints":{"allow":["GET"]}}],"collection":[{"href":"https:\/\/everestlanguageschool.com\/fr\/wp-json\/wp\/v2\/posts"}],"about":[{"href":"https:\/\/everestlanguageschool.com\/fr\/wp-json\/wp\/v2\/types\/post"}],"author":[{"embeddable":true,"href":"https:\/\/everestlanguageschool.com\/fr\/wp-json\/wp\/v2\/users\/1"}],"replies":[{"embeddable":true,"href":"https:\/\/everestlanguageschool.com\/fr\/wp-json\/wp\/v2\/comments?post=93871"}],"version-history":[{"count":1,"href":"https:\/\/everestlanguageschool.com\/fr\/wp-json\/wp\/v2\/posts\/93871\/revisions"}],"predecessor-version":[{"id":93873,"href":"https:\/\/everestlanguageschool.com\/fr\/wp-json\/wp\/v2\/posts\/93871\/revisions\/93873"}],"wp:featuredmedia":[{"embeddable":true,"href":"https:\/\/everestlanguageschool.com\/fr\/wp-json\/wp\/v2\/media\/91542"}],"wp:attachment":[{"href":"https:\/\/everestlanguageschool.com\/fr\/wp-json\/wp\/v2\/media?parent=93871"}],"wp:term":[{"taxonomy":"category","embeddable":true,"href":"https:\/\/everestlanguageschool.com\/fr\/wp-json\/wp\/v2\/categories?post=93871"},{"taxonomy":"post_tag","embeddable":true,"href":"https:\/\/everestlanguageschool.com\/fr\/wp-json\/wp\/v2\/tags?post=93871"}],"curies":[{"name":"wp","href":"https:\/\/api.w.org\/{rel}","templated":true}]}}