{"id":92355,"date":"2025-08-01T15:00:40","date_gmt":"2025-08-01T15:00:40","guid":{"rendered":"https:\/\/everestlanguageschool.com\/a-everest-language-school-atinge-o-marco-de-10-anos-e-olha-para-o-futuro\/"},"modified":"2025-09-17T12:09:51","modified_gmt":"2025-09-17T12:09:51","slug":"a-everest-language-school-atinge-o-marco-de-10-anos-e-olha-para-o-futuro","status":"publish","type":"post","link":"https:\/\/everestlanguageschool.com\/pt-br\/a-everest-language-school-atinge-o-marco-de-10-anos-e-olha-para-o-futuro\/","title":{"rendered":"A Everest Language School atinge o marco de 10 anos e olha para o futuro"},"content":{"rendered":"\t\t<div data-elementor-type=\"wp-post\" data-elementor-id=\"92355\" class=\"elementor elementor-92355 elementor-91987\" data-elementor-post-type=\"post\">\n\t\t\t\t\t\t<section class=\"elementor-section elementor-top-section elementor-element elementor-element-6ac8f30 elementor-section-boxed elementor-section-height-default elementor-section-height-default\" data-id=\"6ac8f30\" data-element_type=\"section\" data-e-type=\"section\">\n\t\t\t\t\t\t<div class=\"elementor-container elementor-column-gap-default\">\n\t\t\t\t\t<div class=\"elementor-column elementor-col-100 elementor-top-column elementor-element elementor-element-006245c\" data-id=\"006245c\" data-element_type=\"column\" data-e-type=\"column\">\n\t\t\t<div class=\"elementor-widget-wrap elementor-element-populated\">\n\t\t\t\t\t\t<div class=\"elementor-element elementor-element-39ed909 elementor-widget elementor-widget-text-editor\" data-id=\"39ed909\" data-element_type=\"widget\" data-e-type=\"widget\" data-widget_type=\"text-editor.default\">\n\t\t\t\t<div class=\"elementor-widget-container\">\n\t\t\t\t\t\t\t\t\t<p>O ano de 2025 marca os 10 anos de atividade da Everest Language School. Abrimos nossas portas pela primeira vez em 2015 e estamos muito felizes por estarmos comemorando uma d\u00e9cada de sucesso incr\u00edvel. O Everest foi inaugurado h\u00e1 uma d\u00e9cada e pertence e \u00e9 operado por dois professores de ingl\u00eas, Robert McComish e (agora doutora) Anne-Marie Connolly. O Everest foi criado por professores com anos de experi\u00eancia que compartilhavam a cren\u00e7a de que o idioma precisa ser ensinado de forma din\u00e2mica, com foco na experi\u00eancia do mundo real, imers\u00e3o e inclus\u00e3o.     <\/p>\t\t\t\t\t\t\t\t<\/div>\n\t\t\t\t<\/div>\n\t\t\t\t\t<\/div>\n\t\t<\/div>\n\t\t\t\t\t<\/div>\n\t\t<\/section>\n\t\t\t\t<section class=\"elementor-section elementor-top-section elementor-element elementor-element-7a5e3c9 elementor-section-boxed elementor-section-height-default elementor-section-height-default\" data-id=\"7a5e3c9\" data-element_type=\"section\" data-e-type=\"section\">\n\t\t\t\t\t\t<div class=\"elementor-container elementor-column-gap-default\">\n\t\t\t\t\t<div class=\"elementor-column elementor-col-100 elementor-top-column elementor-element elementor-element-78b9852\" data-id=\"78b9852\" data-element_type=\"column\" data-e-type=\"column\">\n\t\t\t<div class=\"elementor-widget-wrap elementor-element-populated\">\n\t\t\t\t\t\t<div class=\"elementor-element elementor-element-7fa1a6e elementor-widget elementor-widget-image\" data-id=\"7fa1a6e\" data-element_type=\"widget\" data-e-type=\"widget\" data-widget_type=\"image.default\">\n\t\t\t\t<div class=\"elementor-widget-container\">\n\t\t\t\t\t\t\t\t\t\t\t\t\t\t\t<img fetchpriority=\"high\" decoding=\"async\" width=\"724\" height=\"1024\" src=\"https:\/\/everestlanguageschool.com\/wp-content\/uploads\/2025\/08\/Untitled-design-724x1024.png\" class=\"attachment-large size-large wp-image-91993\" alt=\"Everest 10th Anniversary\" srcset=\"https:\/\/everestlanguageschool.com\/wp-content\/uploads\/2025\/08\/Untitled-design-724x1024.png 724w, https:\/\/everestlanguageschool.com\/wp-content\/uploads\/2025\/08\/Untitled-design-212x300.png 212w, https:\/\/everestlanguageschool.com\/wp-content\/uploads\/2025\/08\/Untitled-design-768x1086.png 768w, https:\/\/everestlanguageschool.com\/wp-content\/uploads\/2025\/08\/Untitled-design-1086x1536.png 1086w, https:\/\/everestlanguageschool.com\/wp-content\/uploads\/2025\/08\/Untitled-design.png 1414w\" sizes=\"(max-width: 724px) 100vw, 724px\" \/>\t\t\t\t\t\t\t\t\t\t\t\t\t\t\t<\/div>\n\t\t\t\t<\/div>\n\t\t\t\t\t<\/div>\n\t\t<\/div>\n\t\t\t\t\t<\/div>\n\t\t<\/section>\n\t\t\t\t<section class=\"elementor-section elementor-top-section elementor-element elementor-element-606d417 elementor-section-boxed elementor-section-height-default elementor-section-height-default\" data-id=\"606d417\" data-element_type=\"section\" data-e-type=\"section\">\n\t\t\t\t\t\t<div class=\"elementor-container elementor-column-gap-default\">\n\t\t\t\t\t<div class=\"elementor-column elementor-col-100 elementor-top-column elementor-element elementor-element-84442e4\" data-id=\"84442e4\" data-element_type=\"column\" data-e-type=\"column\">\n\t\t\t<div class=\"elementor-widget-wrap elementor-element-populated\">\n\t\t\t\t\t\t<div class=\"elementor-element elementor-element-25cab18 elementor-widget elementor-widget-text-editor\" data-id=\"25cab18\" data-element_type=\"widget\" data-e-type=\"widget\" data-widget_type=\"text-editor.default\">\n\t\t\t\t<div class=\"elementor-widget-container\">\n\t\t\t\t\t\t\t\t\t<p>Nos \u00faltimos dez anos, o Everest s\u00f3 cresceu em for\u00e7a, o que \u00e9 poss\u00edvel gra\u00e7as aos nossos incr\u00edveis professores, \u00e0 equipe de apoio aos alunos e \u00e0 equipe acad\u00eamica. O Everest realmente \u00e9 o seu povo e \u00e9 por isso que citamos nossa atmosfera acolhedora e familiar como um dos nossos maiores pontos fortes. O Everest n\u00e3o \u00e9 apenas uma escola, \u00e9 uma comunidade de pessoas de todo o mundo e o que torna o Everest t\u00e3o especial \u00e9 realmente a cultura que promovemos aqui, um lugar onde todos s\u00e3o bem-vindos e celebrados.    <\/p><p><span style=\"font-style: inherit; font-weight: inherit;\">Esses \u00faltimos dez anos n\u00e3o foram isentos de desafios. Devido \u00e0 pandemia global de COVID, a escola foi for\u00e7ada a fechar as portas de 2020 a 2021. Foi um per\u00edodo dif\u00edcil para a escola, mas acabou gerando novas oportunidades para n\u00f3s em rela\u00e7\u00e3o ao ensino on-line e nos ajudou a expandir a rede de pessoas com quem trabalhamos na Irlanda e em todo o mundo.    <\/span><\/p>\t\t\t\t\t\t\t\t<\/div>\n\t\t\t\t<\/div>\n\t\t\t\t\t<\/div>\n\t\t<\/div>\n\t\t\t\t\t<\/div>\n\t\t<\/section>\n\t\t\t\t<section class=\"elementor-section elementor-top-section elementor-element elementor-element-fe08ba8 elementor-section-boxed elementor-section-height-default elementor-section-height-default\" data-id=\"fe08ba8\" data-element_type=\"section\" data-e-type=\"section\">\n\t\t\t\t\t\t<div class=\"elementor-container elementor-column-gap-default\">\n\t\t\t\t\t<div class=\"elementor-column elementor-col-100 elementor-top-column elementor-element elementor-element-fb4baa1\" data-id=\"fb4baa1\" data-element_type=\"column\" data-e-type=\"column\">\n\t\t\t<div class=\"elementor-widget-wrap elementor-element-populated\">\n\t\t\t\t\t\t<section class=\"elementor-section elementor-inner-section elementor-element elementor-element-b5ee6ec elementor-section-boxed elementor-section-height-default elementor-section-height-default\" data-id=\"b5ee6ec\" data-element_type=\"section\" data-e-type=\"section\">\n\t\t\t\t\t\t<div class=\"elementor-container elementor-column-gap-default\">\n\t\t\t\t\t<div class=\"elementor-column elementor-col-50 elementor-inner-column elementor-element elementor-element-d728529\" data-id=\"d728529\" data-element_type=\"column\" data-e-type=\"column\">\n\t\t\t<div class=\"elementor-widget-wrap elementor-element-populated\">\n\t\t\t\t\t\t<div class=\"elementor-element elementor-element-fbb38c3 elementor-widget elementor-widget-text-editor\" data-id=\"fbb38c3\" data-element_type=\"widget\" data-e-type=\"widget\" data-widget_type=\"text-editor.default\">\n\t\t\t\t<div class=\"elementor-widget-container\">\n\t\t\t\t\t\t\t\t\t<p>Este ano \u00e9 particularmente importante para os diretores do Everest, Rob e Anne-Marie, e eles compartilharam suas ideias sobre a pr\u00f3xima d\u00e9cada para a escola.<\/p><p>&#8220;O plano agora \u00e9 continuar a focar na qualidade. Criamos algo \u00fanico no Everest e n\u00e3o queremos perder isso. Nos pr\u00f3ximos 10 anos, o plano n\u00e3o \u00e9 crescer, mas refinar o que temos e desenvolver a qualidade em todos os aspectos da organiza\u00e7\u00e3o.&#8221;<\/p><p>Rob McComish, diretor da escola<\/p>\t\t\t\t\t\t\t\t<\/div>\n\t\t\t\t<\/div>\n\t\t\t\t\t<\/div>\n\t\t<\/div>\n\t\t\t\t<div class=\"elementor-column elementor-col-50 elementor-inner-column elementor-element elementor-element-edcc0d9\" data-id=\"edcc0d9\" data-element_type=\"column\" data-e-type=\"column\">\n\t\t\t<div class=\"elementor-widget-wrap elementor-element-populated\">\n\t\t\t\t\t\t<div class=\"elementor-element elementor-element-ca6eed2 elementor-widget__width-initial elementor-widget elementor-widget-image\" data-id=\"ca6eed2\" data-element_type=\"widget\" data-e-type=\"widget\" data-widget_type=\"image.default\">\n\t\t\t\t<div class=\"elementor-widget-container\">\n\t\t\t\t\t\t\t\t\t\t\t\t\t\t\t<img decoding=\"async\" width=\"1024\" height=\"931\" data-src=\"https:\/\/everestlanguageschool.com\/wp-content\/uploads\/2025\/08\/signal-2025-08-01-143607_005-1024x931.jpg\" class=\"attachment-large size-large wp-image-92023 lazyload\" alt=\"\" data-srcset=\"https:\/\/everestlanguageschool.com\/wp-content\/uploads\/2025\/08\/signal-2025-08-01-143607_005-1024x931.jpg 1024w, https:\/\/everestlanguageschool.com\/wp-content\/uploads\/2025\/08\/signal-2025-08-01-143607_005-300x273.jpg 300w, https:\/\/everestlanguageschool.com\/wp-content\/uploads\/2025\/08\/signal-2025-08-01-143607_005-768x698.jpg 768w, https:\/\/everestlanguageschool.com\/wp-content\/uploads\/2025\/08\/signal-2025-08-01-143607_005.jpg 1200w\" data-sizes=\"(max-width: 1024px) 100vw, 1024px\" src=\"data:image\/gif;base64,R0lGODlhAQABAAAAACH5BAEKAAEALAAAAAABAAEAAAICTAEAOw==\" style=\"--smush-placeholder-width: 1024px; --smush-placeholder-aspect-ratio: 1024\/931;\" \/>\t\t\t\t\t\t\t\t\t\t\t\t\t\t\t<\/div>\n\t\t\t\t<\/div>\n\t\t\t\t\t<\/div>\n\t\t<\/div>\n\t\t\t\t\t<\/div>\n\t\t<\/section>\n\t\t\t\t<div class=\"elementor-element elementor-element-f7a923e elementor-widget elementor-widget-text-editor\" data-id=\"f7a923e\" data-element_type=\"widget\" data-e-type=\"widget\" data-widget_type=\"text-editor.default\">\n\t\t\t\t<div class=\"elementor-widget-container\">\n\t\t\t\t\t\t\t\t\t<p>Este \u00e9 um momento empolgante para n\u00f3s! Nos \u00faltimos anos, concentramo-nos em desenvolver nosso pr\u00f3prio programa acad\u00eamico com base nas melhores pesquisas dispon\u00edveis. Agora, ao entrarmos no pr\u00f3ximo cap\u00edtulo, temos uma equipe acad\u00eamica incr\u00edvel para desenvolver nossas bases s\u00f3lidas e alinhar nossos programas com a nova marca de qualidade TrustEd.  <\/p><p>Anne-Marie Connolly, Diretora Acad\u00eamica<\/p>\t\t\t\t\t\t\t\t<\/div>\n\t\t\t\t<\/div>\n\t\t\t\t<div class=\"elementor-element elementor-element-91c0e4b elementor-widget elementor-widget-image\" data-id=\"91c0e4b\" data-element_type=\"widget\" data-e-type=\"widget\" data-widget_type=\"image.default\">\n\t\t\t\t<div class=\"elementor-widget-container\">\n\t\t\t\t\t\t\t\t\t\t\t\t<figure class=\"wp-caption\">\n\t\t\t\t\t\t\t\t\t\t<img decoding=\"async\" width=\"1024\" height=\"768\" data-src=\"https:\/\/everestlanguageschool.com\/wp-content\/uploads\/2025\/08\/Monday-11.05.15-1024x768.jpg\" class=\"attachment-large size-large wp-image-92029 lazyload\" alt=\"\" data-srcset=\"https:\/\/everestlanguageschool.com\/wp-content\/uploads\/2025\/08\/Monday-11.05.15-1024x768.jpg 1024w, https:\/\/everestlanguageschool.com\/wp-content\/uploads\/2025\/08\/Monday-11.05.15-300x225.jpg 300w, https:\/\/everestlanguageschool.com\/wp-content\/uploads\/2025\/08\/Monday-11.05.15-768x576.jpg 768w, https:\/\/everestlanguageschool.com\/wp-content\/uploads\/2025\/08\/Monday-11.05.15-1536x1152.jpg 1536w, https:\/\/everestlanguageschool.com\/wp-content\/uploads\/2025\/08\/Monday-11.05.15-2048x1536.jpg 2048w\" data-sizes=\"(max-width: 1024px) 100vw, 1024px\" src=\"data:image\/gif;base64,R0lGODlhAQABAAAAACH5BAEKAAEALAAAAAABAAEAAAICTAEAOw==\" style=\"--smush-placeholder-width: 1024px; --smush-placeholder-aspect-ratio: 1024\/768;\" \/>\t\t\t\t\t\t\t\t\t\t\t<figcaption class=\"widget-image-caption wp-caption-text\">O primeiro grupo de alunos do Everest, em 2015, cresceu para quase 200 uma d\u00e9cada depois.<\/figcaption>\n\t\t\t\t\t\t\t\t\t\t<\/figure>\n\t\t\t\t\t\t\t\t\t<\/div>\n\t\t\t\t<\/div>\n\t\t\t\t<div class=\"elementor-element elementor-element-26bcff3 elementor-widget elementor-widget-text-editor\" data-id=\"26bcff3\" data-element_type=\"widget\" data-e-type=\"widget\" data-widget_type=\"text-editor.default\">\n\t\t\t\t<div class=\"elementor-widget-container\">\n\t\t\t\t\t\t\t\t\t<p>No futuro, o foco ser\u00e1 o desenvolvimento da qualidade, a expans\u00e3o de nossa pesquisa acad\u00eamica, o aprimoramento da experi\u00eancia do aluno e o desenvolvimento de nossa rede de agentes e parcerias. Tamb\u00e9m nos concentraremos em projetos mais especializados, como o nosso atual projeto Erasmus+, voltado para o desenvolvimento de um curr\u00edculo para professores que ministram aulas para alunos vulner\u00e1veis. Tamb\u00e9m esperamos ampliar nosso conjunto de cursos de treinamento de professores e desenvolvimento profissional da equipe.  <\/p>\t\t\t\t\t\t\t\t<\/div>\n\t\t\t\t<\/div>\n\t\t\t\t\t<\/div>\n\t\t<\/div>\n\t\t\t\t\t<\/div>\n\t\t<\/section>\n\t\t\t\t<\/div>\n\t\t","protected":false},"excerpt":{"rendered":"<p>O ano de 2025 marca os 10 anos de atividade da Everest Language School. Abrimos nossas portas pela primeira vez em 2015 e estamos muito felizes por estarmos comemorando uma d\u00e9cada de sucesso incr\u00edvel. O Everest foi inaugurado h\u00e1 uma d\u00e9cada e pertence e \u00e9 operado por dois professores de ingl\u00eas, Robert McComish e (agora &hellip;<\/p>\n<p class=\"read-more\"> <a class=\"\" href=\"https:\/\/everestlanguageschool.com\/pt-br\/a-everest-language-school-atinge-o-marco-de-10-anos-e-olha-para-o-futuro\/\"> <span class=\"screen-reader-text\">A Everest Language School atinge o marco de 10 anos e olha para o futuro<\/span> Leia mais &raquo;<\/a><\/p>\n","protected":false},"author":10,"featured_media":91993,"comment_status":"closed","ping_status":"closed","sticky":false,"template":"","format":"standard","meta":{"inline_featured_image":false,"site-sidebar-layout":"default","site-content-layout":"default","ast-global-header-display":"","ast-main-header-display":"","ast-hfb-above-header-display":"","ast-hfb-below-header-display":"","ast-hfb-mobile-header-display":"","site-post-title":"","ast-breadcrumbs-content":"","ast-featured-img":"","footer-sml-layout":"","theme-transparent-header-meta":"","adv-header-id-meta":"","stick-header-meta":"","header-above-stick-meta":"","header-main-stick-meta":"","header-below-stick-meta":"","footnotes":""},"categories":[700],"tags":[],"class_list":["post-92355","post","type-post","status-publish","format-standard","has-post-thumbnail","hentry","category-nao-categorizado"],"jetpack_featured_media_url":"https:\/\/everestlanguageschool.com\/wp-content\/uploads\/2025\/08\/Untitled-design-e1754047817986.png","_links":{"self":[{"href":"https:\/\/everestlanguageschool.com\/pt-br\/wp-json\/wp\/v2\/posts\/92355","targetHints":{"allow":["GET"]}}],"collection":[{"href":"https:\/\/everestlanguageschool.com\/pt-br\/wp-json\/wp\/v2\/posts"}],"about":[{"href":"https:\/\/everestlanguageschool.com\/pt-br\/wp-json\/wp\/v2\/types\/post"}],"author":[{"embeddable":true,"href":"https:\/\/everestlanguageschool.com\/pt-br\/wp-json\/wp\/v2\/users\/10"}],"replies":[{"embeddable":true,"href":"https:\/\/everestlanguageschool.com\/pt-br\/wp-json\/wp\/v2\/comments?post=92355"}],"version-history":[{"count":1,"href":"https:\/\/everestlanguageschool.com\/pt-br\/wp-json\/wp\/v2\/posts\/92355\/revisions"}],"predecessor-version":[{"id":92357,"href":"https:\/\/everestlanguageschool.com\/pt-br\/wp-json\/wp\/v2\/posts\/92355\/revisions\/92357"}],"wp:featuredmedia":[{"embeddable":true,"href":"https:\/\/everestlanguageschool.com\/pt-br\/wp-json\/wp\/v2\/media\/91993"}],"wp:attachment":[{"href":"https:\/\/everestlanguageschool.com\/pt-br\/wp-json\/wp\/v2\/media?parent=92355"}],"wp:term":[{"taxonomy":"category","embeddable":true,"href":"https:\/\/everestlanguageschool.com\/pt-br\/wp-json\/wp\/v2\/categories?post=92355"},{"taxonomy":"post_tag","embeddable":true,"href":"https:\/\/everestlanguageschool.com\/pt-br\/wp-json\/wp\/v2\/tags?post=92355"}],"curies":[{"name":"wp","href":"https:\/\/api.w.org\/{rel}","templated":true}]}}