{"id":93513,"date":"2016-10-10T12:51:49","date_gmt":"2016-10-10T12:51:49","guid":{"rendered":"https:\/\/everestlanguageschool.com\/outono-na-irlanda\/"},"modified":"2016-10-10T12:51:49","modified_gmt":"2016-10-10T12:51:49","slug":"outono-na-irlanda","status":"publish","type":"post","link":"https:\/\/everestlanguageschool.com\/pt-br\/outono-na-irlanda\/","title":{"rendered":"Outono na Irlanda"},"content":{"rendered":"<p><img fetchpriority=\"high\" decoding=\"async\" class=\"aligncenter wp-image-10284 size-medium\" src=\"https:\/\/everestlanguageschool.com\/wp-content\/uploads\/2016\/10\/Autumn-in-Ireland-300x169.jpg\" alt=\"Outono na Irlanda\" width=\"868\" height=\"488\" srcset=\"https:\/\/everestlanguageschool.com\/wp-content\/uploads\/2016\/10\/Autumn-in-Ireland-300x169.jpg 300w, https:\/\/everestlanguageschool.com\/wp-content\/uploads\/2016\/10\/Autumn-in-Ireland-768x432.jpg 768w, https:\/\/everestlanguageschool.com\/wp-content\/uploads\/2016\/10\/Autumn-in-Ireland-1024x576.jpg 1024w, https:\/\/everestlanguageschool.com\/wp-content\/uploads\/2016\/10\/Autumn-in-Ireland.jpg 1920w\" sizes=\"(max-width: 868px) 100vw, 868px\" \/><\/p>\n<h1>Outono na Irlanda<\/h1>\n<p>&nbsp;<\/p>\n<p><span style=\"font-weight: 420;\">Tenho certeza de que voc\u00ea j\u00e1 ouviu falar que \u00e9 poss\u00edvel ter todas as quatro esta\u00e7\u00f5es em um dia aqui na Irlanda. Bem, h\u00e1 algo mais especial sobre o outono na Irlanda. N\u00e3o \u00e9 s\u00f3 porque voc\u00ea sente que est\u00e1 ficando mais frio e que est\u00e1 chovendo mais, mas o calend\u00e1rio irland\u00eas come\u00e7a o outono mais cedo do que em outros pa\u00edses.  <\/span><\/p>\n<p>&nbsp;<\/p>\n<h4><span style=\"font-weight: 420;\">Calend\u00e1rio irland\u00eas<\/span><\/h4>\n<p><span style=\"font-weight: 420;\">A data oficial de in\u00edcio do outono \u00e9 22 de setembro, mas na Irlanda o outono come\u00e7a em agosto e vai at\u00e9 outubro. Os irlandeses dizem que isso tamb\u00e9m pode mudar, mas o mais importante \u00e9 saber que o inverno e o ver\u00e3o s\u00e3o mais longos que a primavera e o outono. <\/span><\/p>\n<p><span style=\"font-weight: 420;\">O inverno irland\u00eas come\u00e7a oficialmente em novembro e vai at\u00e9 janeiro. A primavera come\u00e7a em fevereiro e o ver\u00e3o em maio. <\/span><\/p>\n<p>&nbsp;<\/p>\n<h4><span style=\"font-weight: 420;\">Plantas<\/span><\/h4>\n<p><span style=\"font-weight: 420;\">A caracter\u00edstica t\u00edpica do outono \u00e9 que as folhas mudam de verde para vermelho e para marrom. \u00c9 claro que isso acontece da mesma forma na m\u00e1gica ilha verde da Irlanda. H\u00e1 tamb\u00e9m algumas plantas perenes, mas a maioria delas fica marrom no outono. Mas a natureza ainda \u00e9 \u00f3tima para voc\u00ea visitar.   <\/span><\/p>\n<p>&nbsp;<\/p>\n<h4><span style=\"font-weight: 420;\">Clima<\/span><\/h4>\n<p><span style=\"font-weight: 420;\">O outono \u00e9 a esta\u00e7\u00e3o em que a temperatura come\u00e7a a cair novamente (de 16\u00b0C para 11\u00b0C, em m\u00e9dia). E tamb\u00e9m s\u00e3o dois dos principais meses de chuva do ano. Mas ainda \u00e9 uma boa \u00e9poca para visitar museus quando est\u00e1 chovendo, certo?  <\/span><\/p>\n<p>&nbsp;<\/p>\n<h4><span style=\"font-weight: 420;\">Ocasi\u00f5es especiais<\/span><\/h4>\n<p><span style=\"font-weight: 420;\">H\u00e1 algumas ocasi\u00f5es especiais no outono. A primeira \u00e9 o   <\/span><b>30 de outubro<\/b><span style=\"font-weight: 420;\">  quando voc\u00ea tiver que voltar no tempo. Mas n\u00e3o se preocupe. Assim, voc\u00ea tem uma hora a mais para dormir. E se voc\u00ea n\u00e3o tiver certeza de como deve se lembrar de quando deve atrasar e adiantar o rel\u00f3gio, tente se lembrar: Rel\u00f3gios     <\/span><i><span style=\"font-weight: 420;\">cair<\/span><\/i><span style=\"font-weight: 420;\"> (no outono\/outono) e eles <\/span><i><span style=\"font-weight: 420;\">saltam<\/span><\/i><span style=\"font-weight: 4200;\"> para a frente (na primavera).<\/span><\/p>\n<p><span style=\"font-weight: 420;\">No dia <\/span><b>31 de outubro<\/b><span style=\"font-weight: 420;\"> \u00e9 o Dia das Bruxas.<\/span> <span style=\"font-weight: 420;\">O Halloween \u00e9 um dia em que todos se fantasiam, soltam fogos de artif\u00edcio (ilegais), acendem fogueiras e fazem festas com brincadeiras legais. As crian\u00e7as fazem o ritual do &#8220;Trick or Treat&#8221;. Mas tamb\u00e9m \u00e9 um dia com muita hist\u00f3ria. Assista ao v\u00eddeo a seguir para saber mais sobre a hist\u00f3ria.   <\/span><\/p>\n<p>&nbsp;<\/p>\n<p><iframe data-src=\"https:\/\/www.youtube.com\/embed\/R-VRAemIvbI?rel=0\" width=\"640\" height=\"360\" frameborder=\"0\" allowfullscreen=\"allowfullscreen\" src=\"data:image\/gif;base64,R0lGODlhAQABAAAAACH5BAEKAAEALAAAAAABAAEAAAICTAEAOw==\" class=\"lazyload\" data-load-mode=\"1\"><\/iframe><\/p>\n<p><span style=\"font-weight: 420;\">Espero que voc\u00ea esteja tendo um bom outono na Irlanda.<\/span><\/p>\n<p><span style=\"font-weight: 420;\">Aproveite a natureza! Aproveite o Halloween! <\/span><\/p>\n<p>&nbsp;<\/p>\n<p><span style=\"font-weight: 420;\">Fontes:<\/span><br \/>\n<a href=\"https:\/\/en.wikipedia.org\/wiki\/Gaelic_calendar\" target=\"_blank\" rel=\"noopener\">Wikip\u00e9dia<\/a><br \/>\n<a href=\"http:\/\/www.almanac.com\/content\/first-day-seasons-2016\" target=\"_blank\" rel=\"noopener\">Almanaque<\/a><br \/>\n<a href=\"https:\/\/www.youtube.com\/watch?v=R-VRAemIvbI\" target=\"_blank\" rel=\"noopener\">National Geographic<\/a><\/p>\n","protected":false},"excerpt":{"rendered":"<p>Outono na Irlanda &nbsp; Tenho certeza de que voc\u00ea j\u00e1 ouviu falar que \u00e9 poss\u00edvel ter todas as quatro esta\u00e7\u00f5es em um dia aqui na Irlanda. Bem, h\u00e1 algo mais especial sobre o outono na Irlanda. N\u00e3o \u00e9 s\u00f3 porque voc\u00ea sente que est\u00e1 ficando mais frio e que est\u00e1 chovendo mais, mas o calend\u00e1rio &hellip;<\/p>\n<p class=\"read-more\"> <a class=\"\" href=\"https:\/\/everestlanguageschool.com\/pt-br\/outono-na-irlanda\/\"> <span class=\"screen-reader-text\">Outono na Irlanda<\/span> Leia mais &raquo;<\/a><\/p>\n","protected":false},"author":1,"featured_media":93514,"comment_status":"closed","ping_status":"open","sticky":false,"template":"","format":"standard","meta":{"inline_featured_image":false,"site-sidebar-layout":"default","site-content-layout":"default","ast-global-header-display":"","ast-main-header-display":"","ast-hfb-above-header-display":"","ast-hfb-below-header-display":"","ast-hfb-mobile-header-display":"","site-post-title":"","ast-breadcrumbs-content":"","ast-featured-img":"","footer-sml-layout":"","theme-transparent-header-meta":"","adv-header-id-meta":"","stick-header-meta":"","header-above-stick-meta":"","header-main-stick-meta":"","header-below-stick-meta":"","footnotes":""},"categories":[1842],"tags":[],"class_list":["post-93513","post","type-post","status-publish","format-standard","has-post-thumbnail","hentry","category-aprenda-ingles-e-conheca-dublin"],"jetpack_featured_media_url":"https:\/\/everestlanguageschool.com\/wp-content\/uploads\/2016\/10\/Autumn-in-Ireland.jpg","_links":{"self":[{"href":"https:\/\/everestlanguageschool.com\/pt-br\/wp-json\/wp\/v2\/posts\/93513","targetHints":{"allow":["GET"]}}],"collection":[{"href":"https:\/\/everestlanguageschool.com\/pt-br\/wp-json\/wp\/v2\/posts"}],"about":[{"href":"https:\/\/everestlanguageschool.com\/pt-br\/wp-json\/wp\/v2\/types\/post"}],"author":[{"embeddable":true,"href":"https:\/\/everestlanguageschool.com\/pt-br\/wp-json\/wp\/v2\/users\/1"}],"replies":[{"embeddable":true,"href":"https:\/\/everestlanguageschool.com\/pt-br\/wp-json\/wp\/v2\/comments?post=93513"}],"version-history":[{"count":0,"href":"https:\/\/everestlanguageschool.com\/pt-br\/wp-json\/wp\/v2\/posts\/93513\/revisions"}],"wp:featuredmedia":[{"embeddable":true,"href":"https:\/\/everestlanguageschool.com\/pt-br\/wp-json\/wp\/v2\/media\/93514"}],"wp:attachment":[{"href":"https:\/\/everestlanguageschool.com\/pt-br\/wp-json\/wp\/v2\/media?parent=93513"}],"wp:term":[{"taxonomy":"category","embeddable":true,"href":"https:\/\/everestlanguageschool.com\/pt-br\/wp-json\/wp\/v2\/categories?post=93513"},{"taxonomy":"post_tag","embeddable":true,"href":"https:\/\/everestlanguageschool.com\/pt-br\/wp-json\/wp\/v2\/tags?post=93513"}],"curies":[{"name":"wp","href":"https:\/\/api.w.org\/{rel}","templated":true}]}}